{"id":6485,"date":"2021-06-18T04:26:30","date_gmt":"2021-06-18T07:26:30","guid":{"rendered":"https:\/?p=6485"},"modified":"2021-06-18T04:26:30","modified_gmt":"2021-06-18T07:26:30","slug":"sem-provas-bolsonaro-diz-que-aecio-neves-venceu-eleicao-em-2014","status":"publish","type":"post","link":"https:\/\/serrafm879.com.br\/serrafm\/2021\/06\/sem-provas-bolsonaro-diz-que-aecio-neves-venceu-eleicao-em-2014\/","title":{"rendered":"Sem provas, Bolsonaro diz que A\u00e9cio Neves venceu elei\u00e7\u00e3o em 2014"},"content":{"rendered":"<p>Durante sua live semanal, o presidente Jair Bolsonaro (sem partido) voltou a defender, nesta quinta-feira (17), o voto impresso, e disse, sem apresentar provas, ter informa\u00e7\u00f5es de que houve fraude na elei\u00e7\u00e3o presidencial de 2014, vencida por Dilma Rousseff (PT), e na de 2018, na qual se elegeu.<\/p>\n<p>\u201cO A\u00e9cio [Neves] ganhou em 2014. Em 2018, eu ganhei em primeiro turno. Alguns falam: \u2018eu nunca vi ganhador reclamar\u2019. Eu t\u00f4 reclamando, porque eu quero transpar\u00eancia. \u2018Ah, vai custar R$ 2 bilh\u00f5es\u2019. Eu sempre ouvi que a democracia n\u00e3o tem pre\u00e7o. A gente arranja esse dinheiro aqui\u201d, disse o presidente.<\/p>\n<p>O presidente do Tribunal Superior Eleitoral, ministro Lu\u00eds Roberto Barroso, se comprometeu a cumprir \u201ccom boa f\u00e9\u201d a decis\u00e3o de implementar o voto impresso, caso o Congresso aprove a proposta em an\u00e1lise atualmente e o Supremo Tribunal Federal<\/p>\n<p>Durante a live desta noite, o presidente afirmou que, mesmo se n\u00e3o for aprovado pelo Supremo, o voto audit\u00e1vel ser\u00e1 adotado na pr\u00f3xima elei\u00e7\u00e3o.<\/p>\n<p>\u201cO Barroso diz: \u2018se n\u00e3o for judicializado, teremos voto eletr\u00f4nico\u2019. N\u00e3o, Barroso. Se promulgar teremos elei\u00e7\u00f5es, sim, com voto audit\u00e1vel e ponto final\u201d.<span id=\"more-84164\"><\/span><\/p>\n<p>Apesar das alega\u00e7\u00f5es, Bolsonaro n\u00e3o apresentou provas de fraude. Barroso reiterou ontem (17), que nunca houve fraude documentada nas urnas eletr\u00f4nicas usadas no Brasil.<\/p>\n<p>\u201cJamais. A \u00fanica vez que houve algum tipo de questionamento foi pelo ent\u00e3o candidato A\u00e9cio Neves e que n\u00e3o se apurou impropriedade, porque n\u00e3o h\u00e1. Se o presidente da Rep\u00fablica ou qualquer pessoa tiver prova de fraude \u2013 porque eu n\u00e3o tenho paix\u00e3o por urna eletr\u00f4nica, tenho paix\u00e3o por elei\u00e7\u00f5es limpas \u2013 e, portanto, qualquer pessoa que tem alguma prova de fraude ou de impropriedade tem o dever c\u00edvico de entreg\u00e1-la ao Tribunal Superior Eleitoral. Estou esperando com as portas abertas e de bom grado. O resto \u00e9 ret\u00f3rica pol\u00edtica, s\u00e3o palavras que o vento leva\u201d.<\/p>\n","protected":false},"excerpt":{"rendered":"<p>Durante sua live semanal, o presidente Jair Bolsonaro (sem partido) voltou a defender, nesta quinta-feira (17), o voto impresso, e disse, sem apresentar provas, ter informa\u00e7\u00f5es de que houve fraude na elei\u00e7\u00e3o presidencial de 2014, vencida por Dilma Rousseff (PT), e na de 2018, na qual se elegeu. \u201cO A\u00e9cio [Neves] ganhou em 2014. Em 2018, eu ganhei em primeiro turno. Alguns falam: \u2018eu nunca vi ganhador reclamar\u2019. Eu t\u00f4 reclamando, porque eu quero transpar\u00eancia. \u2018Ah, vai custar R$ 2 bilh\u00f5es\u2019. Eu sempre ouvi que a democracia n\u00e3o tem pre\u00e7o. A gente arranja esse dinheiro aqui\u201d, disse o presidente. O [&hellip;]<\/p>\n","protected":false},"author":2,"featured_media":4837,"comment_status":"open","ping_status":"open","sticky":false,"template":"","format":"standard","meta":{"_jetpack_newsletter_access":"","_jetpack_dont_email_post_to_subs":false,"_jetpack_newsletter_tier_id":0,"_jetpack_memberships_contains_paywalled_content":false,"_jetpack_feature_clip_id":0,"_jetpack_memberships_contains_paid_content":false,"footnotes":"","jetpack_publicize_message":"","jetpack_publicize_feature_enabled":true,"jetpack_social_post_already_shared":true,"jetpack_social_options":{"image_generator_settings":{"template":"highway","default_image_id":0,"font":"","enabled":false},"version":2},"jetpack_post_was_ever_published":false},"categories":[2],"tags":[],"class_list":["post-6485","post","type-post","status-publish","format-standard","has-post-thumbnail","hentry","category-noticias"],"aioseo_notices":[],"aioseo_head":"\n\t\t<!-- All in One SEO 4.9.10 - aioseo.com -->\n\t<meta name=\"description\" content=\"Durante sua live semanal, o presidente Jair Bolsonaro (sem partido) voltou a defender, nesta quinta-feira (17), o voto impresso, e disse, sem apresentar provas, ter informa\u00e7\u00f5es de que houve fraude na elei\u00e7\u00e3o presidencial de 2014, vencida por Dilma Rousseff (PT), e na de 2018, na qual se elegeu. \u201cO A\u00e9cio [Neves] ganhou em 2014. Em\" \/>\n\t<meta name=\"robots\" content=\"max-image-preview:large\" \/>\n\t<meta name=\"author\" content=\"serrafm87\"\/>\n\t<link rel=\"canonical\" href=\"https:\/\/serrafm879.com.br\/serrafm\/2021\/06\/sem-provas-bolsonaro-diz-que-aecio-neves-venceu-eleicao-em-2014\/\" \/>\n\t<meta name=\"generator\" content=\"All in One SEO (AIOSEO) 4.9.10\" \/>\n\t\t<meta name=\"twitter:card\" content=\"summary_large_image\" \/>\n\t\t<meta name=\"twitter:title\" content=\"Sem provas, Bolsonaro diz que A\u00e9cio Neves venceu elei\u00e7\u00e3o em 2014 - Serra FM 87,9\" \/>\n\t\t<meta name=\"twitter:description\" content=\"Durante sua live semanal, o presidente Jair Bolsonaro (sem partido) voltou a defender, nesta quinta-feira (17), o voto impresso, e disse, sem apresentar provas, ter informa\u00e7\u00f5es de que houve fraude na elei\u00e7\u00e3o presidencial de 2014, vencida por Dilma Rousseff (PT), e na de 2018, na qual se elegeu. \u201cO A\u00e9cio [Neves] ganhou em 2014. Em\" \/>\n\t\t<meta name=\"twitter:image\" content=\"https:\/\/serrafm879.com.br\/serrafm\/wp-content\/uploads\/2021\/03\/bolsonarovacina.jpg\" \/>\n\t\t<script type=\"application\/ld+json\" class=\"aioseo-schema\">\n\t\t\t{\"@context\":\"https:\\\/\\\/schema.org\",\"@graph\":[{\"@type\":\"BlogPosting\",\"@id\":\"https:\\\/\\\/serrafm879.com.br\\\/serrafm\\\/2021\\\/06\\\/sem-provas-bolsonaro-diz-que-aecio-neves-venceu-eleicao-em-2014\\\/#blogposting\",\"name\":\"Sem provas, Bolsonaro diz que A\\u00e9cio Neves venceu elei\\u00e7\\u00e3o em 2014 - Serra FM 87,9\",\"headline\":\"Sem provas, Bolsonaro diz que A\\u00e9cio Neves venceu elei\\u00e7\\u00e3o em 2014\",\"author\":{\"@id\":\"https:\\\/\\\/serrafm879.com.br\\\/serrafm\\\/author\\\/serrafm87\\\/#author\"},\"publisher\":{\"@id\":\"https:\\\/\\\/serrafm879.com.br\\\/serrafm\\\/#organization\"},\"image\":{\"@type\":\"ImageObject\",\"url\":\"https:\\\/\\\/serrafm879.com.br\\\/serrafm\\\/wp-content\\\/uploads\\\/2021\\\/03\\\/bolsonarovacina.jpg\",\"width\":1170,\"height\":700,\"caption\":\"O presidente Jair Bolsonaro durante cerim\\u00f4nia para san\\u00e7\\u00e3o dos projetos de lei que ampliam a aquisi\\u00e7\\u00e3o de vacinas pelo Governo Federal.\"},\"datePublished\":\"2021-06-18T04:26:30-03:00\",\"dateModified\":\"2021-06-18T04:26:30-03:00\",\"inLanguage\":\"pt-BR\",\"mainEntityOfPage\":{\"@id\":\"https:\\\/\\\/serrafm879.com.br\\\/serrafm\\\/2021\\\/06\\\/sem-provas-bolsonaro-diz-que-aecio-neves-venceu-eleicao-em-2014\\\/#webpage\"},\"isPartOf\":{\"@id\":\"https:\\\/\\\/serrafm879.com.br\\\/serrafm\\\/2021\\\/06\\\/sem-provas-bolsonaro-diz-que-aecio-neves-venceu-eleicao-em-2014\\\/#webpage\"},\"articleSection\":\"Not\\u00edcias\"},{\"@type\":\"BreadcrumbList\",\"@id\":\"https:\\\/\\\/serrafm879.com.br\\\/serrafm\\\/2021\\\/06\\\/sem-provas-bolsonaro-diz-que-aecio-neves-venceu-eleicao-em-2014\\\/#breadcrumblist\",\"itemListElement\":[{\"@type\":\"ListItem\",\"@id\":\"https:\\\/\\\/serrafm879.com.br\\\/serrafm#listItem\",\"position\":1,\"name\":\"Home\",\"item\":\"https:\\\/\\\/serrafm879.com.br\\\/serrafm\",\"nextItem\":{\"@type\":\"ListItem\",\"@id\":\"https:\\\/\\\/serrafm879.com.br\\\/serrafm\\\/categoria\\\/noticias\\\/#listItem\",\"name\":\"Not\\u00edcias\"}},{\"@type\":\"ListItem\",\"@id\":\"https:\\\/\\\/serrafm879.com.br\\\/serrafm\\\/categoria\\\/noticias\\\/#listItem\",\"position\":2,\"name\":\"Not\\u00edcias\",\"item\":\"https:\\\/\\\/serrafm879.com.br\\\/serrafm\\\/categoria\\\/noticias\\\/\",\"nextItem\":{\"@type\":\"ListItem\",\"@id\":\"https:\\\/\\\/serrafm879.com.br\\\/serrafm\\\/2021\\\/06\\\/sem-provas-bolsonaro-diz-que-aecio-neves-venceu-eleicao-em-2014\\\/#listItem\",\"name\":\"Sem provas, Bolsonaro diz que A\\u00e9cio Neves venceu elei\\u00e7\\u00e3o em 2014\"},\"previousItem\":{\"@type\":\"ListItem\",\"@id\":\"https:\\\/\\\/serrafm879.com.br\\\/serrafm#listItem\",\"name\":\"Home\"}},{\"@type\":\"ListItem\",\"@id\":\"https:\\\/\\\/serrafm879.com.br\\\/serrafm\\\/2021\\\/06\\\/sem-provas-bolsonaro-diz-que-aecio-neves-venceu-eleicao-em-2014\\\/#listItem\",\"position\":3,\"name\":\"Sem provas, Bolsonaro diz que A\\u00e9cio Neves venceu elei\\u00e7\\u00e3o em 2014\",\"previousItem\":{\"@type\":\"ListItem\",\"@id\":\"https:\\\/\\\/serrafm879.com.br\\\/serrafm\\\/categoria\\\/noticias\\\/#listItem\",\"name\":\"Not\\u00edcias\"}}]},{\"@type\":\"Organization\",\"@id\":\"https:\\\/\\\/serrafm879.com.br\\\/serrafm\\\/#organization\",\"name\":\"Serra FM 87,9\",\"description\":\"O seu novo amor!\",\"url\":\"https:\\\/\\\/serrafm879.com.br\\\/serrafm\\\/\"},{\"@type\":\"Person\",\"@id\":\"https:\\\/\\\/serrafm879.com.br\\\/serrafm\\\/author\\\/serrafm87\\\/#author\",\"url\":\"https:\\\/\\\/serrafm879.com.br\\\/serrafm\\\/author\\\/serrafm87\\\/\",\"name\":\"serrafm87\",\"image\":{\"@type\":\"ImageObject\",\"@id\":\"https:\\\/\\\/serrafm879.com.br\\\/serrafm\\\/2021\\\/06\\\/sem-provas-bolsonaro-diz-que-aecio-neves-venceu-eleicao-em-2014\\\/#authorImage\",\"url\":\"https:\\\/\\\/secure.gravatar.com\\\/avatar\\\/a743233f1112d34f48bb3dc9559b76eb930bab8b27175856cba6362608736235?s=96&d=mm&r=g\",\"width\":96,\"height\":96,\"caption\":\"serrafm87\"}},{\"@type\":\"WebPage\",\"@id\":\"https:\\\/\\\/serrafm879.com.br\\\/serrafm\\\/2021\\\/06\\\/sem-provas-bolsonaro-diz-que-aecio-neves-venceu-eleicao-em-2014\\\/#webpage\",\"url\":\"https:\\\/\\\/serrafm879.com.br\\\/serrafm\\\/2021\\\/06\\\/sem-provas-bolsonaro-diz-que-aecio-neves-venceu-eleicao-em-2014\\\/\",\"name\":\"Sem provas, Bolsonaro diz que A\\u00e9cio Neves venceu elei\\u00e7\\u00e3o em 2014 - Serra FM 87,9\",\"description\":\"Durante sua live semanal, o presidente Jair Bolsonaro (sem partido) voltou a defender, nesta quinta-feira (17), o voto impresso, e disse, sem apresentar provas, ter informa\\u00e7\\u00f5es de que houve fraude na elei\\u00e7\\u00e3o presidencial de 2014, vencida por Dilma Rousseff (PT), e na de 2018, na qual se elegeu. \\u201cO A\\u00e9cio [Neves] ganhou em 2014. Em\",\"inLanguage\":\"pt-BR\",\"isPartOf\":{\"@id\":\"https:\\\/\\\/serrafm879.com.br\\\/serrafm\\\/#website\"},\"breadcrumb\":{\"@id\":\"https:\\\/\\\/serrafm879.com.br\\\/serrafm\\\/2021\\\/06\\\/sem-provas-bolsonaro-diz-que-aecio-neves-venceu-eleicao-em-2014\\\/#breadcrumblist\"},\"author\":{\"@id\":\"https:\\\/\\\/serrafm879.com.br\\\/serrafm\\\/author\\\/serrafm87\\\/#author\"},\"creator\":{\"@id\":\"https:\\\/\\\/serrafm879.com.br\\\/serrafm\\\/author\\\/serrafm87\\\/#author\"},\"image\":{\"@type\":\"ImageObject\",\"url\":\"https:\\\/\\\/serrafm879.com.br\\\/serrafm\\\/wp-content\\\/uploads\\\/2021\\\/03\\\/bolsonarovacina.jpg\",\"@id\":\"https:\\\/\\\/serrafm879.com.br\\\/serrafm\\\/2021\\\/06\\\/sem-provas-bolsonaro-diz-que-aecio-neves-venceu-eleicao-em-2014\\\/#mainImage\",\"width\":1170,\"height\":700,\"caption\":\"O presidente Jair Bolsonaro durante cerim\\u00f4nia para san\\u00e7\\u00e3o dos projetos de lei que ampliam a aquisi\\u00e7\\u00e3o de vacinas pelo Governo Federal.\"},\"primaryImageOfPage\":{\"@id\":\"https:\\\/\\\/serrafm879.com.br\\\/serrafm\\\/2021\\\/06\\\/sem-provas-bolsonaro-diz-que-aecio-neves-venceu-eleicao-em-2014\\\/#mainImage\"},\"datePublished\":\"2021-06-18T04:26:30-03:00\",\"dateModified\":\"2021-06-18T04:26:30-03:00\"},{\"@type\":\"WebSite\",\"@id\":\"https:\\\/\\\/serrafm879.com.br\\\/serrafm\\\/#website\",\"url\":\"https:\\\/\\\/serrafm879.com.br\\\/serrafm\\\/\",\"name\":\"Serra FM 87,9\",\"description\":\"O seu novo amor!\",\"inLanguage\":\"pt-BR\",\"publisher\":{\"@id\":\"https:\\\/\\\/serrafm879.com.br\\\/serrafm\\\/#organization\"}}]}\n\t\t<\/script>\n\t\t<!-- All in One SEO -->\n\n","aioseo_head_json":{"title":"Sem provas, Bolsonaro diz que A\u00e9cio Neves venceu elei\u00e7\u00e3o em 2014 - Serra FM 87,9","description":"Durante sua live semanal, o presidente Jair Bolsonaro (sem partido) voltou a defender, nesta quinta-feira (17), o voto impresso, e disse, sem apresentar provas, ter informa\u00e7\u00f5es de que houve fraude na elei\u00e7\u00e3o presidencial de 2014, vencida por Dilma Rousseff (PT), e na de 2018, na qual se elegeu. \u201cO A\u00e9cio [Neves] ganhou em 2014. Em","canonical_url":"https:\/\/serrafm879.com.br\/serrafm\/2021\/06\/sem-provas-bolsonaro-diz-que-aecio-neves-venceu-eleicao-em-2014\/","robots":"max-image-preview:large","keywords":"","webmasterTools":{"miscellaneous":""},"schema":{"@context":"https:\/\/schema.org","@graph":[{"@type":"BlogPosting","@id":"https:\/\/serrafm879.com.br\/serrafm\/2021\/06\/sem-provas-bolsonaro-diz-que-aecio-neves-venceu-eleicao-em-2014\/#blogposting","name":"Sem provas, Bolsonaro diz que A\u00e9cio Neves venceu elei\u00e7\u00e3o em 2014 - Serra FM 87,9","headline":"Sem provas, Bolsonaro diz que A\u00e9cio Neves venceu elei\u00e7\u00e3o em 2014","author":{"@id":"https:\/\/serrafm879.com.br\/serrafm\/author\/serrafm87\/#author"},"publisher":{"@id":"https:\/\/serrafm879.com.br\/serrafm\/#organization"},"image":{"@type":"ImageObject","url":"https:\/\/serrafm879.com.br\/serrafm\/wp-content\/uploads\/2021\/03\/bolsonarovacina.jpg","width":1170,"height":700,"caption":"O presidente Jair Bolsonaro durante cerim\u00f4nia para san\u00e7\u00e3o dos projetos de lei que ampliam a aquisi\u00e7\u00e3o de vacinas pelo Governo Federal."},"datePublished":"2021-06-18T04:26:30-03:00","dateModified":"2021-06-18T04:26:30-03:00","inLanguage":"pt-BR","mainEntityOfPage":{"@id":"https:\/\/serrafm879.com.br\/serrafm\/2021\/06\/sem-provas-bolsonaro-diz-que-aecio-neves-venceu-eleicao-em-2014\/#webpage"},"isPartOf":{"@id":"https:\/\/serrafm879.com.br\/serrafm\/2021\/06\/sem-provas-bolsonaro-diz-que-aecio-neves-venceu-eleicao-em-2014\/#webpage"},"articleSection":"Not\u00edcias"},{"@type":"BreadcrumbList","@id":"https:\/\/serrafm879.com.br\/serrafm\/2021\/06\/sem-provas-bolsonaro-diz-que-aecio-neves-venceu-eleicao-em-2014\/#breadcrumblist","itemListElement":[{"@type":"ListItem","@id":"https:\/\/serrafm879.com.br\/serrafm#listItem","position":1,"name":"Home","item":"https:\/\/serrafm879.com.br\/serrafm","nextItem":{"@type":"ListItem","@id":"https:\/\/serrafm879.com.br\/serrafm\/categoria\/noticias\/#listItem","name":"Not\u00edcias"}},{"@type":"ListItem","@id":"https:\/\/serrafm879.com.br\/serrafm\/categoria\/noticias\/#listItem","position":2,"name":"Not\u00edcias","item":"https:\/\/serrafm879.com.br\/serrafm\/categoria\/noticias\/","nextItem":{"@type":"ListItem","@id":"https:\/\/serrafm879.com.br\/serrafm\/2021\/06\/sem-provas-bolsonaro-diz-que-aecio-neves-venceu-eleicao-em-2014\/#listItem","name":"Sem provas, Bolsonaro diz que A\u00e9cio Neves venceu elei\u00e7\u00e3o em 2014"},"previousItem":{"@type":"ListItem","@id":"https:\/\/serrafm879.com.br\/serrafm#listItem","name":"Home"}},{"@type":"ListItem","@id":"https:\/\/serrafm879.com.br\/serrafm\/2021\/06\/sem-provas-bolsonaro-diz-que-aecio-neves-venceu-eleicao-em-2014\/#listItem","position":3,"name":"Sem provas, Bolsonaro diz que A\u00e9cio Neves venceu elei\u00e7\u00e3o em 2014","previousItem":{"@type":"ListItem","@id":"https:\/\/serrafm879.com.br\/serrafm\/categoria\/noticias\/#listItem","name":"Not\u00edcias"}}]},{"@type":"Organization","@id":"https:\/\/serrafm879.com.br\/serrafm\/#organization","name":"Serra FM 87,9","description":"O seu novo amor!","url":"https:\/\/serrafm879.com.br\/serrafm\/"},{"@type":"Person","@id":"https:\/\/serrafm879.com.br\/serrafm\/author\/serrafm87\/#author","url":"https:\/\/serrafm879.com.br\/serrafm\/author\/serrafm87\/","name":"serrafm87","image":{"@type":"ImageObject","@id":"https:\/\/serrafm879.com.br\/serrafm\/2021\/06\/sem-provas-bolsonaro-diz-que-aecio-neves-venceu-eleicao-em-2014\/#authorImage","url":"https:\/\/secure.gravatar.com\/avatar\/a743233f1112d34f48bb3dc9559b76eb930bab8b27175856cba6362608736235?s=96&d=mm&r=g","width":96,"height":96,"caption":"serrafm87"}},{"@type":"WebPage","@id":"https:\/\/serrafm879.com.br\/serrafm\/2021\/06\/sem-provas-bolsonaro-diz-que-aecio-neves-venceu-eleicao-em-2014\/#webpage","url":"https:\/\/serrafm879.com.br\/serrafm\/2021\/06\/sem-provas-bolsonaro-diz-que-aecio-neves-venceu-eleicao-em-2014\/","name":"Sem provas, Bolsonaro diz que A\u00e9cio Neves venceu elei\u00e7\u00e3o em 2014 - Serra FM 87,9","description":"Durante sua live semanal, o presidente Jair Bolsonaro (sem partido) voltou a defender, nesta quinta-feira (17), o voto impresso, e disse, sem apresentar provas, ter informa\u00e7\u00f5es de que houve fraude na elei\u00e7\u00e3o presidencial de 2014, vencida por Dilma Rousseff (PT), e na de 2018, na qual se elegeu. \u201cO A\u00e9cio [Neves] ganhou em 2014. Em","inLanguage":"pt-BR","isPartOf":{"@id":"https:\/\/serrafm879.com.br\/serrafm\/#website"},"breadcrumb":{"@id":"https:\/\/serrafm879.com.br\/serrafm\/2021\/06\/sem-provas-bolsonaro-diz-que-aecio-neves-venceu-eleicao-em-2014\/#breadcrumblist"},"author":{"@id":"https:\/\/serrafm879.com.br\/serrafm\/author\/serrafm87\/#author"},"creator":{"@id":"https:\/\/serrafm879.com.br\/serrafm\/author\/serrafm87\/#author"},"image":{"@type":"ImageObject","url":"https:\/\/serrafm879.com.br\/serrafm\/wp-content\/uploads\/2021\/03\/bolsonarovacina.jpg","@id":"https:\/\/serrafm879.com.br\/serrafm\/2021\/06\/sem-provas-bolsonaro-diz-que-aecio-neves-venceu-eleicao-em-2014\/#mainImage","width":1170,"height":700,"caption":"O presidente Jair Bolsonaro durante cerim\u00f4nia para san\u00e7\u00e3o dos projetos de lei que ampliam a aquisi\u00e7\u00e3o de vacinas pelo Governo Federal."},"primaryImageOfPage":{"@id":"https:\/\/serrafm879.com.br\/serrafm\/2021\/06\/sem-provas-bolsonaro-diz-que-aecio-neves-venceu-eleicao-em-2014\/#mainImage"},"datePublished":"2021-06-18T04:26:30-03:00","dateModified":"2021-06-18T04:26:30-03:00"},{"@type":"WebSite","@id":"https:\/\/serrafm879.com.br\/serrafm\/#website","url":"https:\/\/serrafm879.com.br\/serrafm\/","name":"Serra FM 87,9","description":"O seu novo amor!","inLanguage":"pt-BR","publisher":{"@id":"https:\/\/serrafm879.com.br\/serrafm\/#organization"}}]},"twitter:card":"summary_large_image","twitter:title":"Sem provas, Bolsonaro diz que A\u00e9cio Neves venceu elei\u00e7\u00e3o em 2014 - Serra FM 87,9","twitter:description":"Durante sua live semanal, o presidente Jair Bolsonaro (sem partido) voltou a defender, nesta quinta-feira (17), o voto impresso, e disse, sem apresentar provas, ter informa\u00e7\u00f5es de que houve fraude na elei\u00e7\u00e3o presidencial de 2014, vencida por Dilma Rousseff (PT), e na de 2018, na qual se elegeu. \u201cO A\u00e9cio [Neves] ganhou em 2014. Em","twitter:image":"https:\/\/serrafm879.com.br\/serrafm\/wp-content\/uploads\/2021\/03\/bolsonarovacina.jpg"},"aioseo_meta_data":{"post_id":"6485","title":null,"description":null,"keywords":null,"keyphrases":null,"primary_term":null,"canonical_url":null,"og_title":null,"og_description":null,"og_object_type":"default","og_image_type":"default","og_image_custom_url":null,"og_image_custom_fields":null,"og_image_url":null,"og_image_width":null,"og_image_height":null,"og_video":null,"og_custom_url":null,"og_article_section":null,"og_article_tags":null,"twitter_use_og":false,"twitter_card":"default","twitter_image_type":"default","twitter_image_custom_url":null,"twitter_image_custom_fields":null,"twitter_image_url":null,"twitter_title":null,"twitter_description":null,"schema_type":"default","schema_type_options":null,"schema":{"blockGraphs":[],"customGraphs":[],"default":{"data":{"Article":[],"Course":[],"Dataset":[],"FAQPage":[],"Movie":[],"Person":[],"Product":[],"ProductReview":[],"Car":[],"Recipe":[],"Service":[],"SoftwareApplication":[],"WebPage":[]},"graphName":"","isEnabled":true},"graphs":[]},"pillar_content":false,"robots_default":true,"robots_noindex":false,"robots_noarchive":false,"robots_nosnippet":false,"robots_nofollow":false,"robots_noimageindex":false,"robots_noodp":false,"robots_notranslate":false,"robots_max_snippet":null,"robots_max_videopreview":null,"robots_max_imagepreview":"large","priority":null,"frequency":null,"local_seo":null,"limit_modified_date":false,"ai":null,"breadcrumb_settings":null,"seo_analyzer_scan_date":null,"created":"2026-07-21 00:09:42","updated":"2026-07-21 00:09:42"},"aioseo_breadcrumb":"<div class=\"aioseo-breadcrumbs\"><span class=\"aioseo-breadcrumb\">\n\t\t\t<a href=\"https:\/\/serrafm879.com.br\/serrafm\" title=\"Home\">Home<\/a>\n\t\t<\/span><span class=\"aioseo-breadcrumb-separator\">&raquo;<\/span><span class=\"aioseo-breadcrumb\">\n\t\t\t<a href=\"https:\/\/serrafm879.com.br\/serrafm\/categoria\/noticias\/\" title=\"Not\u00edcias\">Not\u00edcias<\/a>\n\t\t<\/span><span class=\"aioseo-breadcrumb-separator\">&raquo;<\/span><span class=\"aioseo-breadcrumb\">\n\t\t\tSem provas, Bolsonaro diz que A\u00e9cio Neves venceu elei\u00e7\u00e3o em 2014\n\t\t<\/span><\/div>","aioseo_breadcrumb_json":[{"label":"Home","link":"https:\/\/serrafm879.com.br\/serrafm"},{"label":"Not\u00edcias","link":"https:\/\/serrafm879.com.br\/serrafm\/categoria\/noticias\/"},{"label":"Sem provas, Bolsonaro diz que A\u00e9cio Neves venceu elei\u00e7\u00e3o em 2014","link":"https:\/\/serrafm879.com.br\/serrafm\/2021\/06\/sem-provas-bolsonaro-diz-que-aecio-neves-venceu-eleicao-em-2014\/"}],"jetpack_publicize_connections":[],"jetpack_featured_media_url":"https:\/\/serrafm879.com.br\/serrafm\/wp-content\/uploads\/2021\/03\/bolsonarovacina.jpg","jetpack_shortlink":"https:\/\/wp.me\/p7HyXg-1GB","jetpack_sharing_enabled":true,"_links":{"self":[{"href":"https:\/\/serrafm879.com.br\/serrafm\/wp-json\/wp\/v2\/posts\/6485","targetHints":{"allow":["GET"]}}],"collection":[{"href":"https:\/\/serrafm879.com.br\/serrafm\/wp-json\/wp\/v2\/posts"}],"about":[{"href":"https:\/\/serrafm879.com.br\/serrafm\/wp-json\/wp\/v2\/types\/post"}],"author":[{"embeddable":true,"href":"https:\/\/serrafm879.com.br\/serrafm\/wp-json\/wp\/v2\/users\/2"}],"replies":[{"embeddable":true,"href":"https:\/\/serrafm879.com.br\/serrafm\/wp-json\/wp\/v2\/comments?post=6485"}],"version-history":[{"count":1,"href":"https:\/\/serrafm879.com.br\/serrafm\/wp-json\/wp\/v2\/posts\/6485\/revisions"}],"predecessor-version":[{"id":6486,"href":"https:\/\/serrafm879.com.br\/serrafm\/wp-json\/wp\/v2\/posts\/6485\/revisions\/6486"}],"wp:featuredmedia":[{"embeddable":true,"href":"https:\/\/serrafm879.com.br\/serrafm\/wp-json\/wp\/v2\/media\/4837"}],"wp:attachment":[{"href":"https:\/\/serrafm879.com.br\/serrafm\/wp-json\/wp\/v2\/media?parent=6485"}],"wp:term":[{"taxonomy":"category","embeddable":true,"href":"https:\/\/serrafm879.com.br\/serrafm\/wp-json\/wp\/v2\/categories?post=6485"},{"taxonomy":"post_tag","embeddable":true,"href":"https:\/\/serrafm879.com.br\/serrafm\/wp-json\/wp\/v2\/tags?post=6485"}],"curies":[{"name":"wp","href":"https:\/\/api.w.org\/{rel}","templated":true}]}}