{"id":6495,"date":"2021-06-18T07:45:22","date_gmt":"2021-06-18T10:45:22","guid":{"rendered":"https:\/?p=6495"},"modified":"2021-06-18T07:45:22","modified_gmt":"2021-06-18T10:45:22","slug":"nao-ha-previsao-para-chegada-da-vacina-da-janssen-diz-secretario-de-saude-de-pernambuco","status":"publish","type":"post","link":"https:\/\/serrafm879.com.br\/serrafm\/2021\/06\/nao-ha-previsao-para-chegada-da-vacina-da-janssen-diz-secretario-de-saude-de-pernambuco\/","title":{"rendered":"N\u00e3o h\u00e1 previs\u00e3o para a chegada da vacina da Janssen, diz secret\u00e1rio de Sa\u00fade de Pernambuco"},"content":{"rendered":"<p>Em entrevista coletiva concedida de forma remota, na tarde desta quinta-feira (17), o secret\u00e1rio de Sa\u00fade de Pernambuco, Andr\u00e9 Longo, disse n\u00e3o haver previs\u00e3o para a chegada dos lotes da vacina contra a Covid-19 desenvolvida pela Janssen, bra\u00e7o farmac\u00eautico da gigante Johnson &amp; Johnson.<\/p>\n<p>Na semana passada, o Minist\u00e9rio da Sa\u00fade chegou a anunciar a entrega do imunizante, alertando, inclusive, para uma data de validade curta, at\u00e9 o pr\u00f3ximo dia 27 &#8211; prazo que foi estendido pela Ag\u00eancia Nacional de Vigil\u00e2ncia Sanit\u00e1ria (Anvisa) at\u00e9 8 de agosto.<\/p>\n<p>Nesta semana, a fabricante anunciou que atrasaria a entrega, sem mais justificativas. E, at\u00e9 o momento, n\u00e3o h\u00e1 uma nova data estabelecida para a chegada desses lotes. No total, s\u00e3o esperadas tr\u00eas milh\u00f5es de doses para o Brasil, divididas em tr\u00eas remessas.<\/p>\n<p>&#8220;Esses atrasos no cronograma do Minist\u00e9rio da Sa\u00fade desafiam o progresso mais c\u00e9lere da vacina\u00e7\u00e3o. No caso da Janssen, n\u00e3o h\u00e1 previs\u00e3o para chegada da vacina. Disseram que seria na ter\u00e7a (15), hoje j\u00e1 \u00e9 quinta e n\u00e3o h\u00e1 previs\u00e3o. Tem havido frustra\u00e7\u00f5es nessas previs\u00f5es\u201d, lamentou Longo.<\/p>\n<p>&#8220;T\u00ednhamos a expectativa nessa semana de receber Pfizer, CoronaVac e AstraZeneca, at\u00e9 segunda-feira (21). O Minist\u00e9rio da Sa\u00fade fez um comunica\u00e7\u00e3o, ent\u00e3o, de que n\u00e3o viria mais AstraZeneca, pois precisaria guardar para a segunda dose, em julho\u201d, completou, dizendo que essas mudan\u00e7as no cronograma de entregas impedem previs\u00f5es mais exatas acerca do andamento da vacina\u00e7\u00e3o.<\/p>\n<p><strong>Esquema montado<\/strong><br \/>\nEmbora a recomenda\u00e7\u00e3o inicial do Minist\u00e9rio da Sa\u00fade tenha sido para utiliza\u00e7\u00e3o da vacina da Janssen somente nas capitais, o Governo de Pernambuco decidiu utilizar o imunizante tamb\u00e9m em munic\u00edpios do interior, sobretudo nos locais onde est\u00e3o ocorrendo mais registos de casos de Covid-19.<\/p>\n<p>Al\u00e9m do Recife, receber\u00e3o doses da Janssen Garaunhus e Caruaru, no Agreste, al\u00e9m de\u00a0Arcoverde, Serra Talhada e Afogados da Ingazeira, no Sert\u00e3o.<\/p>\n<p>&#8220;A ideia foi amplamente discutida com os munic\u00edpios para acelerar a vacina\u00e7\u00e3o com dose \u00fanica nos munic\u00edpios das ger\u00eancias regionais em maior dificuldade no momento\u201d, explicou o titular da SES-PE.<\/p>\n<p>por FolhaPE<\/p>\n","protected":false},"excerpt":{"rendered":"<p>Em entrevista coletiva concedida de forma remota, na tarde desta quinta-feira (17), o secret\u00e1rio de Sa\u00fade de Pernambuco, Andr\u00e9 Longo, disse n\u00e3o haver previs\u00e3o para a chegada dos lotes da vacina contra a Covid-19 desenvolvida pela Janssen, bra\u00e7o farmac\u00eautico da gigante Johnson &amp; Johnson. Na semana passada, o Minist\u00e9rio da Sa\u00fade chegou a anunciar a entrega do imunizante, alertando, inclusive, para uma data de validade curta, at\u00e9 o pr\u00f3ximo dia 27 &#8211; prazo que foi estendido pela Ag\u00eancia Nacional de Vigil\u00e2ncia Sanit\u00e1ria (Anvisa) at\u00e9 8 de agosto. Nesta semana, a fabricante anunciou que atrasaria a entrega, sem mais justificativas. E, [&hellip;]<\/p>\n","protected":false},"author":2,"featured_media":5151,"comment_status":"open","ping_status":"open","sticky":false,"template":"","format":"standard","meta":{"_jetpack_newsletter_access":"","_jetpack_dont_email_post_to_subs":false,"_jetpack_newsletter_tier_id":0,"_jetpack_memberships_contains_paywalled_content":false,"_jetpack_feature_clip_id":0,"_jetpack_memberships_contains_paid_content":false,"footnotes":"","jetpack_publicize_message":"","jetpack_publicize_feature_enabled":true,"jetpack_social_post_already_shared":true,"jetpack_social_options":{"image_generator_settings":{"template":"highway","default_image_id":0,"font":"","enabled":false},"version":2},"jetpack_post_was_ever_published":false},"categories":[2],"tags":[],"class_list":["post-6495","post","type-post","status-publish","format-standard","has-post-thumbnail","hentry","category-noticias"],"aioseo_notices":[],"aioseo_head":"\n\t\t<!-- All in One SEO 4.9.10 - aioseo.com -->\n\t<meta name=\"description\" content=\"Em entrevista coletiva concedida de forma remota, na tarde desta quinta-feira (17), o secret\u00e1rio de Sa\u00fade de Pernambuco, Andr\u00e9 Longo, disse n\u00e3o haver previs\u00e3o para a chegada dos lotes da vacina contra a Covid-19 desenvolvida pela Janssen, bra\u00e7o farmac\u00eautico da gigante Johnson &amp; Johnson. Na semana passada, o Minist\u00e9rio da Sa\u00fade chegou a anunciar a\" \/>\n\t<meta name=\"robots\" content=\"max-image-preview:large\" \/>\n\t<meta name=\"author\" content=\"serrafm87\"\/>\n\t<link rel=\"canonical\" href=\"https:\/\/serrafm879.com.br\/serrafm\/2021\/06\/nao-ha-previsao-para-chegada-da-vacina-da-janssen-diz-secretario-de-saude-de-pernambuco\/\" \/>\n\t<meta name=\"generator\" content=\"All in One SEO (AIOSEO) 4.9.10\" \/>\n\t\t<meta name=\"twitter:card\" content=\"summary_large_image\" \/>\n\t\t<meta name=\"twitter:title\" content=\"N\u00e3o h\u00e1 previs\u00e3o para a chegada da vacina da Janssen, diz secret\u00e1rio de Sa\u00fade de Pernambuco - Serra FM 87,9\" \/>\n\t\t<meta name=\"twitter:description\" content=\"Em entrevista coletiva concedida de forma remota, na tarde desta quinta-feira (17), o secret\u00e1rio de Sa\u00fade de Pernambuco, Andr\u00e9 Longo, disse n\u00e3o haver previs\u00e3o para a chegada dos lotes da vacina contra a Covid-19 desenvolvida pela Janssen, bra\u00e7o farmac\u00eautico da gigante Johnson &amp; Johnson. Na semana passada, o Minist\u00e9rio da Sa\u00fade chegou a anunciar a\" \/>\n\t\t<meta name=\"twitter:image\" content=\"https:\/\/serrafm879.com.br\/serrafm\/wp-content\/uploads\/2021\/03\/andrelongo.jpg\" \/>\n\t\t<script type=\"application\/ld+json\" class=\"aioseo-schema\">\n\t\t\t{\"@context\":\"https:\\\/\\\/schema.org\",\"@graph\":[{\"@type\":\"BlogPosting\",\"@id\":\"https:\\\/\\\/serrafm879.com.br\\\/serrafm\\\/2021\\\/06\\\/nao-ha-previsao-para-chegada-da-vacina-da-janssen-diz-secretario-de-saude-de-pernambuco\\\/#blogposting\",\"name\":\"N\\u00e3o h\\u00e1 previs\\u00e3o para a chegada da vacina da Janssen, diz secret\\u00e1rio de Sa\\u00fade de Pernambuco - Serra FM 87,9\",\"headline\":\"N\\u00e3o h\\u00e1 previs\\u00e3o para a chegada da vacina da Janssen, diz secret\\u00e1rio de Sa\\u00fade de Pernambuco\",\"author\":{\"@id\":\"https:\\\/\\\/serrafm879.com.br\\\/serrafm\\\/author\\\/serrafm87\\\/#author\"},\"publisher\":{\"@id\":\"https:\\\/\\\/serrafm879.com.br\\\/serrafm\\\/#organization\"},\"image\":{\"@type\":\"ImageObject\",\"url\":\"https:\\\/\\\/serrafm879.com.br\\\/serrafm\\\/wp-content\\\/uploads\\\/2021\\\/03\\\/andrelongo.jpg\",\"width\":475,\"height\":365},\"datePublished\":\"2021-06-18T07:45:22-03:00\",\"dateModified\":\"2021-06-18T07:45:22-03:00\",\"inLanguage\":\"pt-BR\",\"mainEntityOfPage\":{\"@id\":\"https:\\\/\\\/serrafm879.com.br\\\/serrafm\\\/2021\\\/06\\\/nao-ha-previsao-para-chegada-da-vacina-da-janssen-diz-secretario-de-saude-de-pernambuco\\\/#webpage\"},\"isPartOf\":{\"@id\":\"https:\\\/\\\/serrafm879.com.br\\\/serrafm\\\/2021\\\/06\\\/nao-ha-previsao-para-chegada-da-vacina-da-janssen-diz-secretario-de-saude-de-pernambuco\\\/#webpage\"},\"articleSection\":\"Not\\u00edcias\"},{\"@type\":\"BreadcrumbList\",\"@id\":\"https:\\\/\\\/serrafm879.com.br\\\/serrafm\\\/2021\\\/06\\\/nao-ha-previsao-para-chegada-da-vacina-da-janssen-diz-secretario-de-saude-de-pernambuco\\\/#breadcrumblist\",\"itemListElement\":[{\"@type\":\"ListItem\",\"@id\":\"https:\\\/\\\/serrafm879.com.br\\\/serrafm#listItem\",\"position\":1,\"name\":\"Home\",\"item\":\"https:\\\/\\\/serrafm879.com.br\\\/serrafm\",\"nextItem\":{\"@type\":\"ListItem\",\"@id\":\"https:\\\/\\\/serrafm879.com.br\\\/serrafm\\\/categoria\\\/noticias\\\/#listItem\",\"name\":\"Not\\u00edcias\"}},{\"@type\":\"ListItem\",\"@id\":\"https:\\\/\\\/serrafm879.com.br\\\/serrafm\\\/categoria\\\/noticias\\\/#listItem\",\"position\":2,\"name\":\"Not\\u00edcias\",\"item\":\"https:\\\/\\\/serrafm879.com.br\\\/serrafm\\\/categoria\\\/noticias\\\/\",\"nextItem\":{\"@type\":\"ListItem\",\"@id\":\"https:\\\/\\\/serrafm879.com.br\\\/serrafm\\\/2021\\\/06\\\/nao-ha-previsao-para-chegada-da-vacina-da-janssen-diz-secretario-de-saude-de-pernambuco\\\/#listItem\",\"name\":\"N\\u00e3o h\\u00e1 previs\\u00e3o para a chegada da vacina da Janssen, diz secret\\u00e1rio de Sa\\u00fade de Pernambuco\"},\"previousItem\":{\"@type\":\"ListItem\",\"@id\":\"https:\\\/\\\/serrafm879.com.br\\\/serrafm#listItem\",\"name\":\"Home\"}},{\"@type\":\"ListItem\",\"@id\":\"https:\\\/\\\/serrafm879.com.br\\\/serrafm\\\/2021\\\/06\\\/nao-ha-previsao-para-chegada-da-vacina-da-janssen-diz-secretario-de-saude-de-pernambuco\\\/#listItem\",\"position\":3,\"name\":\"N\\u00e3o h\\u00e1 previs\\u00e3o para a chegada da vacina da Janssen, diz secret\\u00e1rio de Sa\\u00fade de Pernambuco\",\"previousItem\":{\"@type\":\"ListItem\",\"@id\":\"https:\\\/\\\/serrafm879.com.br\\\/serrafm\\\/categoria\\\/noticias\\\/#listItem\",\"name\":\"Not\\u00edcias\"}}]},{\"@type\":\"Organization\",\"@id\":\"https:\\\/\\\/serrafm879.com.br\\\/serrafm\\\/#organization\",\"name\":\"Serra FM 87,9\",\"description\":\"O seu novo amor!\",\"url\":\"https:\\\/\\\/serrafm879.com.br\\\/serrafm\\\/\"},{\"@type\":\"Person\",\"@id\":\"https:\\\/\\\/serrafm879.com.br\\\/serrafm\\\/author\\\/serrafm87\\\/#author\",\"url\":\"https:\\\/\\\/serrafm879.com.br\\\/serrafm\\\/author\\\/serrafm87\\\/\",\"name\":\"serrafm87\",\"image\":{\"@type\":\"ImageObject\",\"@id\":\"https:\\\/\\\/serrafm879.com.br\\\/serrafm\\\/2021\\\/06\\\/nao-ha-previsao-para-chegada-da-vacina-da-janssen-diz-secretario-de-saude-de-pernambuco\\\/#authorImage\",\"url\":\"https:\\\/\\\/secure.gravatar.com\\\/avatar\\\/a743233f1112d34f48bb3dc9559b76eb930bab8b27175856cba6362608736235?s=96&d=mm&r=g\",\"width\":96,\"height\":96,\"caption\":\"serrafm87\"}},{\"@type\":\"WebPage\",\"@id\":\"https:\\\/\\\/serrafm879.com.br\\\/serrafm\\\/2021\\\/06\\\/nao-ha-previsao-para-chegada-da-vacina-da-janssen-diz-secretario-de-saude-de-pernambuco\\\/#webpage\",\"url\":\"https:\\\/\\\/serrafm879.com.br\\\/serrafm\\\/2021\\\/06\\\/nao-ha-previsao-para-chegada-da-vacina-da-janssen-diz-secretario-de-saude-de-pernambuco\\\/\",\"name\":\"N\\u00e3o h\\u00e1 previs\\u00e3o para a chegada da vacina da Janssen, diz secret\\u00e1rio de Sa\\u00fade de Pernambuco - Serra FM 87,9\",\"description\":\"Em entrevista coletiva concedida de forma remota, na tarde desta quinta-feira (17), o secret\\u00e1rio de Sa\\u00fade de Pernambuco, Andr\\u00e9 Longo, disse n\\u00e3o haver previs\\u00e3o para a chegada dos lotes da vacina contra a Covid-19 desenvolvida pela Janssen, bra\\u00e7o farmac\\u00eautico da gigante Johnson & Johnson. Na semana passada, o Minist\\u00e9rio da Sa\\u00fade chegou a anunciar a\",\"inLanguage\":\"pt-BR\",\"isPartOf\":{\"@id\":\"https:\\\/\\\/serrafm879.com.br\\\/serrafm\\\/#website\"},\"breadcrumb\":{\"@id\":\"https:\\\/\\\/serrafm879.com.br\\\/serrafm\\\/2021\\\/06\\\/nao-ha-previsao-para-chegada-da-vacina-da-janssen-diz-secretario-de-saude-de-pernambuco\\\/#breadcrumblist\"},\"author\":{\"@id\":\"https:\\\/\\\/serrafm879.com.br\\\/serrafm\\\/author\\\/serrafm87\\\/#author\"},\"creator\":{\"@id\":\"https:\\\/\\\/serrafm879.com.br\\\/serrafm\\\/author\\\/serrafm87\\\/#author\"},\"image\":{\"@type\":\"ImageObject\",\"url\":\"https:\\\/\\\/serrafm879.com.br\\\/serrafm\\\/wp-content\\\/uploads\\\/2021\\\/03\\\/andrelongo.jpg\",\"@id\":\"https:\\\/\\\/serrafm879.com.br\\\/serrafm\\\/2021\\\/06\\\/nao-ha-previsao-para-chegada-da-vacina-da-janssen-diz-secretario-de-saude-de-pernambuco\\\/#mainImage\",\"width\":475,\"height\":365},\"primaryImageOfPage\":{\"@id\":\"https:\\\/\\\/serrafm879.com.br\\\/serrafm\\\/2021\\\/06\\\/nao-ha-previsao-para-chegada-da-vacina-da-janssen-diz-secretario-de-saude-de-pernambuco\\\/#mainImage\"},\"datePublished\":\"2021-06-18T07:45:22-03:00\",\"dateModified\":\"2021-06-18T07:45:22-03:00\"},{\"@type\":\"WebSite\",\"@id\":\"https:\\\/\\\/serrafm879.com.br\\\/serrafm\\\/#website\",\"url\":\"https:\\\/\\\/serrafm879.com.br\\\/serrafm\\\/\",\"name\":\"Serra FM 87,9\",\"description\":\"O seu novo amor!\",\"inLanguage\":\"pt-BR\",\"publisher\":{\"@id\":\"https:\\\/\\\/serrafm879.com.br\\\/serrafm\\\/#organization\"}}]}\n\t\t<\/script>\n\t\t<!-- All in One SEO -->\n\n","aioseo_head_json":{"title":"N\u00e3o h\u00e1 previs\u00e3o para a chegada da vacina da Janssen, diz secret\u00e1rio de Sa\u00fade de Pernambuco - Serra FM 87,9","description":"Em entrevista coletiva concedida de forma remota, na tarde desta quinta-feira (17), o secret\u00e1rio de Sa\u00fade de Pernambuco, Andr\u00e9 Longo, disse n\u00e3o haver previs\u00e3o para a chegada dos lotes da vacina contra a Covid-19 desenvolvida pela Janssen, bra\u00e7o farmac\u00eautico da gigante Johnson & Johnson. Na semana passada, o Minist\u00e9rio da Sa\u00fade chegou a anunciar a","canonical_url":"https:\/\/serrafm879.com.br\/serrafm\/2021\/06\/nao-ha-previsao-para-chegada-da-vacina-da-janssen-diz-secretario-de-saude-de-pernambuco\/","robots":"max-image-preview:large","keywords":"","webmasterTools":{"miscellaneous":""},"schema":{"@context":"https:\/\/schema.org","@graph":[{"@type":"BlogPosting","@id":"https:\/\/serrafm879.com.br\/serrafm\/2021\/06\/nao-ha-previsao-para-chegada-da-vacina-da-janssen-diz-secretario-de-saude-de-pernambuco\/#blogposting","name":"N\u00e3o h\u00e1 previs\u00e3o para a chegada da vacina da Janssen, diz secret\u00e1rio de Sa\u00fade de Pernambuco - Serra FM 87,9","headline":"N\u00e3o h\u00e1 previs\u00e3o para a chegada da vacina da Janssen, diz secret\u00e1rio de Sa\u00fade de Pernambuco","author":{"@id":"https:\/\/serrafm879.com.br\/serrafm\/author\/serrafm87\/#author"},"publisher":{"@id":"https:\/\/serrafm879.com.br\/serrafm\/#organization"},"image":{"@type":"ImageObject","url":"https:\/\/serrafm879.com.br\/serrafm\/wp-content\/uploads\/2021\/03\/andrelongo.jpg","width":475,"height":365},"datePublished":"2021-06-18T07:45:22-03:00","dateModified":"2021-06-18T07:45:22-03:00","inLanguage":"pt-BR","mainEntityOfPage":{"@id":"https:\/\/serrafm879.com.br\/serrafm\/2021\/06\/nao-ha-previsao-para-chegada-da-vacina-da-janssen-diz-secretario-de-saude-de-pernambuco\/#webpage"},"isPartOf":{"@id":"https:\/\/serrafm879.com.br\/serrafm\/2021\/06\/nao-ha-previsao-para-chegada-da-vacina-da-janssen-diz-secretario-de-saude-de-pernambuco\/#webpage"},"articleSection":"Not\u00edcias"},{"@type":"BreadcrumbList","@id":"https:\/\/serrafm879.com.br\/serrafm\/2021\/06\/nao-ha-previsao-para-chegada-da-vacina-da-janssen-diz-secretario-de-saude-de-pernambuco\/#breadcrumblist","itemListElement":[{"@type":"ListItem","@id":"https:\/\/serrafm879.com.br\/serrafm#listItem","position":1,"name":"Home","item":"https:\/\/serrafm879.com.br\/serrafm","nextItem":{"@type":"ListItem","@id":"https:\/\/serrafm879.com.br\/serrafm\/categoria\/noticias\/#listItem","name":"Not\u00edcias"}},{"@type":"ListItem","@id":"https:\/\/serrafm879.com.br\/serrafm\/categoria\/noticias\/#listItem","position":2,"name":"Not\u00edcias","item":"https:\/\/serrafm879.com.br\/serrafm\/categoria\/noticias\/","nextItem":{"@type":"ListItem","@id":"https:\/\/serrafm879.com.br\/serrafm\/2021\/06\/nao-ha-previsao-para-chegada-da-vacina-da-janssen-diz-secretario-de-saude-de-pernambuco\/#listItem","name":"N\u00e3o h\u00e1 previs\u00e3o para a chegada da vacina da Janssen, diz secret\u00e1rio de Sa\u00fade de Pernambuco"},"previousItem":{"@type":"ListItem","@id":"https:\/\/serrafm879.com.br\/serrafm#listItem","name":"Home"}},{"@type":"ListItem","@id":"https:\/\/serrafm879.com.br\/serrafm\/2021\/06\/nao-ha-previsao-para-chegada-da-vacina-da-janssen-diz-secretario-de-saude-de-pernambuco\/#listItem","position":3,"name":"N\u00e3o h\u00e1 previs\u00e3o para a chegada da vacina da Janssen, diz secret\u00e1rio de Sa\u00fade de Pernambuco","previousItem":{"@type":"ListItem","@id":"https:\/\/serrafm879.com.br\/serrafm\/categoria\/noticias\/#listItem","name":"Not\u00edcias"}}]},{"@type":"Organization","@id":"https:\/\/serrafm879.com.br\/serrafm\/#organization","name":"Serra FM 87,9","description":"O seu novo amor!","url":"https:\/\/serrafm879.com.br\/serrafm\/"},{"@type":"Person","@id":"https:\/\/serrafm879.com.br\/serrafm\/author\/serrafm87\/#author","url":"https:\/\/serrafm879.com.br\/serrafm\/author\/serrafm87\/","name":"serrafm87","image":{"@type":"ImageObject","@id":"https:\/\/serrafm879.com.br\/serrafm\/2021\/06\/nao-ha-previsao-para-chegada-da-vacina-da-janssen-diz-secretario-de-saude-de-pernambuco\/#authorImage","url":"https:\/\/secure.gravatar.com\/avatar\/a743233f1112d34f48bb3dc9559b76eb930bab8b27175856cba6362608736235?s=96&d=mm&r=g","width":96,"height":96,"caption":"serrafm87"}},{"@type":"WebPage","@id":"https:\/\/serrafm879.com.br\/serrafm\/2021\/06\/nao-ha-previsao-para-chegada-da-vacina-da-janssen-diz-secretario-de-saude-de-pernambuco\/#webpage","url":"https:\/\/serrafm879.com.br\/serrafm\/2021\/06\/nao-ha-previsao-para-chegada-da-vacina-da-janssen-diz-secretario-de-saude-de-pernambuco\/","name":"N\u00e3o h\u00e1 previs\u00e3o para a chegada da vacina da Janssen, diz secret\u00e1rio de Sa\u00fade de Pernambuco - Serra FM 87,9","description":"Em entrevista coletiva concedida de forma remota, na tarde desta quinta-feira (17), o secret\u00e1rio de Sa\u00fade de Pernambuco, Andr\u00e9 Longo, disse n\u00e3o haver previs\u00e3o para a chegada dos lotes da vacina contra a Covid-19 desenvolvida pela Janssen, bra\u00e7o farmac\u00eautico da gigante Johnson & Johnson. Na semana passada, o Minist\u00e9rio da Sa\u00fade chegou a anunciar a","inLanguage":"pt-BR","isPartOf":{"@id":"https:\/\/serrafm879.com.br\/serrafm\/#website"},"breadcrumb":{"@id":"https:\/\/serrafm879.com.br\/serrafm\/2021\/06\/nao-ha-previsao-para-chegada-da-vacina-da-janssen-diz-secretario-de-saude-de-pernambuco\/#breadcrumblist"},"author":{"@id":"https:\/\/serrafm879.com.br\/serrafm\/author\/serrafm87\/#author"},"creator":{"@id":"https:\/\/serrafm879.com.br\/serrafm\/author\/serrafm87\/#author"},"image":{"@type":"ImageObject","url":"https:\/\/serrafm879.com.br\/serrafm\/wp-content\/uploads\/2021\/03\/andrelongo.jpg","@id":"https:\/\/serrafm879.com.br\/serrafm\/2021\/06\/nao-ha-previsao-para-chegada-da-vacina-da-janssen-diz-secretario-de-saude-de-pernambuco\/#mainImage","width":475,"height":365},"primaryImageOfPage":{"@id":"https:\/\/serrafm879.com.br\/serrafm\/2021\/06\/nao-ha-previsao-para-chegada-da-vacina-da-janssen-diz-secretario-de-saude-de-pernambuco\/#mainImage"},"datePublished":"2021-06-18T07:45:22-03:00","dateModified":"2021-06-18T07:45:22-03:00"},{"@type":"WebSite","@id":"https:\/\/serrafm879.com.br\/serrafm\/#website","url":"https:\/\/serrafm879.com.br\/serrafm\/","name":"Serra FM 87,9","description":"O seu novo amor!","inLanguage":"pt-BR","publisher":{"@id":"https:\/\/serrafm879.com.br\/serrafm\/#organization"}}]},"twitter:card":"summary_large_image","twitter:title":"N\u00e3o h\u00e1 previs\u00e3o para a chegada da vacina da Janssen, diz secret\u00e1rio de Sa\u00fade de Pernambuco - Serra FM 87,9","twitter:description":"Em entrevista coletiva concedida de forma remota, na tarde desta quinta-feira (17), o secret\u00e1rio de Sa\u00fade de Pernambuco, Andr\u00e9 Longo, disse n\u00e3o haver previs\u00e3o para a chegada dos lotes da vacina contra a Covid-19 desenvolvida pela Janssen, bra\u00e7o farmac\u00eautico da gigante Johnson &amp; Johnson. Na semana passada, o Minist\u00e9rio da Sa\u00fade chegou a anunciar a","twitter:image":"https:\/\/serrafm879.com.br\/serrafm\/wp-content\/uploads\/2021\/03\/andrelongo.jpg"},"aioseo_meta_data":{"post_id":"6495","title":null,"description":null,"keywords":null,"keyphrases":null,"primary_term":null,"canonical_url":null,"og_title":null,"og_description":null,"og_object_type":"default","og_image_type":"default","og_image_custom_url":null,"og_image_custom_fields":null,"og_image_url":null,"og_image_width":null,"og_image_height":null,"og_video":null,"og_custom_url":null,"og_article_section":null,"og_article_tags":null,"twitter_use_og":false,"twitter_card":"default","twitter_image_type":"default","twitter_image_custom_url":null,"twitter_image_custom_fields":null,"twitter_image_url":null,"twitter_title":null,"twitter_description":null,"schema_type":"default","schema_type_options":null,"schema":{"blockGraphs":[],"customGraphs":[],"default":{"data":{"Article":[],"Course":[],"Dataset":[],"FAQPage":[],"Movie":[],"Person":[],"Product":[],"ProductReview":[],"Car":[],"Recipe":[],"Service":[],"SoftwareApplication":[],"WebPage":[]},"graphName":"","isEnabled":true},"graphs":[]},"pillar_content":false,"robots_default":true,"robots_noindex":false,"robots_noarchive":false,"robots_nosnippet":false,"robots_nofollow":false,"robots_noimageindex":false,"robots_noodp":false,"robots_notranslate":false,"robots_max_snippet":null,"robots_max_videopreview":null,"robots_max_imagepreview":"large","priority":null,"frequency":null,"local_seo":null,"limit_modified_date":false,"ai":null,"breadcrumb_settings":null,"seo_analyzer_scan_date":null,"created":"2026-07-21 00:09:42","updated":"2026-07-21 00:09:42"},"aioseo_breadcrumb":"<div class=\"aioseo-breadcrumbs\"><span class=\"aioseo-breadcrumb\">\n\t\t\t<a href=\"https:\/\/serrafm879.com.br\/serrafm\" title=\"Home\">Home<\/a>\n\t\t<\/span><span class=\"aioseo-breadcrumb-separator\">&raquo;<\/span><span class=\"aioseo-breadcrumb\">\n\t\t\t<a href=\"https:\/\/serrafm879.com.br\/serrafm\/categoria\/noticias\/\" title=\"Not\u00edcias\">Not\u00edcias<\/a>\n\t\t<\/span><span class=\"aioseo-breadcrumb-separator\">&raquo;<\/span><span class=\"aioseo-breadcrumb\">\n\t\t\tN\u00e3o h\u00e1 previs\u00e3o para a chegada da vacina da Janssen, diz secret\u00e1rio de Sa\u00fade de Pernambuco\n\t\t<\/span><\/div>","aioseo_breadcrumb_json":[{"label":"Home","link":"https:\/\/serrafm879.com.br\/serrafm"},{"label":"Not\u00edcias","link":"https:\/\/serrafm879.com.br\/serrafm\/categoria\/noticias\/"},{"label":"N\u00e3o h\u00e1 previs\u00e3o para a chegada da vacina da Janssen, diz secret\u00e1rio de Sa\u00fade de Pernambuco","link":"https:\/\/serrafm879.com.br\/serrafm\/2021\/06\/nao-ha-previsao-para-chegada-da-vacina-da-janssen-diz-secretario-de-saude-de-pernambuco\/"}],"jetpack_publicize_connections":[],"jetpack_featured_media_url":"https:\/\/serrafm879.com.br\/serrafm\/wp-content\/uploads\/2021\/03\/andrelongo.jpg","jetpack_shortlink":"https:\/\/wp.me\/p7HyXg-1GL","jetpack_sharing_enabled":true,"_links":{"self":[{"href":"https:\/\/serrafm879.com.br\/serrafm\/wp-json\/wp\/v2\/posts\/6495","targetHints":{"allow":["GET"]}}],"collection":[{"href":"https:\/\/serrafm879.com.br\/serrafm\/wp-json\/wp\/v2\/posts"}],"about":[{"href":"https:\/\/serrafm879.com.br\/serrafm\/wp-json\/wp\/v2\/types\/post"}],"author":[{"embeddable":true,"href":"https:\/\/serrafm879.com.br\/serrafm\/wp-json\/wp\/v2\/users\/2"}],"replies":[{"embeddable":true,"href":"https:\/\/serrafm879.com.br\/serrafm\/wp-json\/wp\/v2\/comments?post=6495"}],"version-history":[{"count":1,"href":"https:\/\/serrafm879.com.br\/serrafm\/wp-json\/wp\/v2\/posts\/6495\/revisions"}],"predecessor-version":[{"id":6496,"href":"https:\/\/serrafm879.com.br\/serrafm\/wp-json\/wp\/v2\/posts\/6495\/revisions\/6496"}],"wp:featuredmedia":[{"embeddable":true,"href":"https:\/\/serrafm879.com.br\/serrafm\/wp-json\/wp\/v2\/media\/5151"}],"wp:attachment":[{"href":"https:\/\/serrafm879.com.br\/serrafm\/wp-json\/wp\/v2\/media?parent=6495"}],"wp:term":[{"taxonomy":"category","embeddable":true,"href":"https:\/\/serrafm879.com.br\/serrafm\/wp-json\/wp\/v2\/categories?post=6495"},{"taxonomy":"post_tag","embeddable":true,"href":"https:\/\/serrafm879.com.br\/serrafm\/wp-json\/wp\/v2\/tags?post=6495"}],"curies":[{"name":"wp","href":"https:\/\/api.w.org\/{rel}","templated":true}]}}