{"id":6497,"date":"2021-06-21T05:05:52","date_gmt":"2021-06-21T08:05:52","guid":{"rendered":"https:\/?p=6497"},"modified":"2021-06-21T05:05:52","modified_gmt":"2021-06-21T08:05:52","slug":"carmen-lucia-da-cinco-dias-para-defesa-se-manifestar-sobre-sigilo-no-caso-pazuello","status":"publish","type":"post","link":"https:\/\/serrafm879.com.br\/serrafm\/2021\/06\/carmen-lucia-da-cinco-dias-para-defesa-se-manifestar-sobre-sigilo-no-caso-pazuello\/","title":{"rendered":"C\u00e1rmen L\u00facia d\u00e1 cinco dias para Defesa se manifestar sobre sigilo no caso Pazuello"},"content":{"rendered":"<p>A ministra C\u00e1rmen L\u00facia, do Supremo Tribunal Federal (STF), determinou que o Minist\u00e9rio da Defesa se manifeste, no prazo de cinco dias, sobre a\u00e7\u00e3o na Corte que questiona a imposi\u00e7\u00e3o, pelo Ex\u00e9rcito, de sigilo de 100 anos no processo disciplinar que apurou a participa\u00e7\u00e3o do general Eduardo Pazuello em ato pr\u00f3-governo. As informa\u00e7\u00f5es s\u00e3o do G1.<\/p>\n<p>O acesso aos documentos foi negado em um pedido formulado pelo jornal O Globo. O Ex\u00e9rcito respondeu que o processo cont\u00e9m informa\u00e7\u00f5es pessoais e citou o dispositivo da Lei de Acesso \u00e0 Informa\u00e7\u00e3o (LAI) que garante, nessas situa\u00e7\u00f5es, o sigilo por 100 anos. A decis\u00e3o ignora entendimentos j\u00e1 firmados pela Controladoria Geral da Uni\u00e3o (CGU).<\/p>\n<p>Ap\u00f3s a negativa do Ex\u00e9rcito, quatro partidos pol\u00edticos apresentaram ao STF uma Argui\u00e7\u00e3o de Descumprimento de Preceito Fundamental (ADPF) pedindo a suspens\u00e3o do sigilo centen\u00e1rio do procedimento administrativo disciplinar. PT, PCdoB, PSOL e PDT argumentaram que a medida \u00e9 uma \u201cgrave afronta\u201d \u00e0 democracia, \u00e0 liberdade de informa\u00e7\u00e3o e \u00e0 moralidade administrativa.<\/p>\n<p>No dia 23 de maio, Pazuello participou de ato pol\u00edtico sem o aval do Comando do Ex\u00e9rcito. Foi instaurado processo administrativo para apurar a conduta do general, considerando que o regulamento interno da For\u00e7a veda participa\u00e7\u00e3o de militar em manifesta\u00e7\u00f5es pol\u00edticas. Sob press\u00e3o do Pal\u00e1cio do Planalto e ap\u00f3s o presidente Bolsonaro nomear Pazuello para um cargo na Presid\u00eancia da Rep\u00fablica, o comandante do Ex\u00e9rcito, general Paulo S\u00e9rgio Nogueira de Oliveira, arquivou o procedimento. Em nota oficial, o Ex\u00e9rcito informou que, ap\u00f3s a apresenta\u00e7\u00e3o da defesa de Pazuello, chegou-se a conclus\u00e3o de que ele n\u00e3o teria cometido infra\u00e7\u00e3o disciplinar.<\/p>\n<p>C\u00e1rmen L\u00facia tomou a decis\u00e3o na \u00faltima sexta-feira. A ministra determinou que, ap\u00f3s o Minist\u00e9rio da Defesa, a Advocacia-Geral da Uni\u00e3o e a Procuradoria-Geral da Rep\u00fablica dever\u00e3o se manifestar sobre o caso, em tr\u00eas dias.<\/p>\n","protected":false},"excerpt":{"rendered":"<p>A ministra C\u00e1rmen L\u00facia, do Supremo Tribunal Federal (STF), determinou que o Minist\u00e9rio da Defesa se manifeste, no prazo de cinco dias, sobre a\u00e7\u00e3o na Corte que questiona a imposi\u00e7\u00e3o, pelo Ex\u00e9rcito, de sigilo de 100 anos no processo disciplinar que apurou a participa\u00e7\u00e3o do general Eduardo Pazuello em ato pr\u00f3-governo. As informa\u00e7\u00f5es s\u00e3o do G1. O acesso aos documentos foi negado em um pedido formulado pelo jornal O Globo. O Ex\u00e9rcito respondeu que o processo cont\u00e9m informa\u00e7\u00f5es pessoais e citou o dispositivo da Lei de Acesso \u00e0 Informa\u00e7\u00e3o (LAI) que garante, nessas situa\u00e7\u00f5es, o sigilo por 100 anos. A [&hellip;]<\/p>\n","protected":false},"author":2,"featured_media":5994,"comment_status":"open","ping_status":"open","sticky":false,"template":"","format":"standard","meta":{"_jetpack_newsletter_access":"","_jetpack_dont_email_post_to_subs":false,"_jetpack_newsletter_tier_id":0,"_jetpack_memberships_contains_paywalled_content":false,"_jetpack_feature_clip_id":0,"_jetpack_memberships_contains_paid_content":false,"footnotes":"","jetpack_publicize_message":"","jetpack_publicize_feature_enabled":true,"jetpack_social_post_already_shared":true,"jetpack_social_options":{"image_generator_settings":{"template":"highway","default_image_id":0,"font":"","enabled":false},"version":2},"jetpack_post_was_ever_published":false},"categories":[2],"tags":[],"class_list":["post-6497","post","type-post","status-publish","format-standard","has-post-thumbnail","hentry","category-noticias"],"aioseo_notices":[],"aioseo_head":"\n\t\t<!-- All in One SEO 4.9.10 - aioseo.com -->\n\t<meta name=\"description\" content=\"A ministra C\u00e1rmen L\u00facia, do Supremo Tribunal Federal (STF), determinou que o Minist\u00e9rio da Defesa se manifeste, no prazo de cinco dias, sobre a\u00e7\u00e3o na Corte que questiona a imposi\u00e7\u00e3o, pelo Ex\u00e9rcito, de sigilo de 100 anos no processo disciplinar que apurou a participa\u00e7\u00e3o do general Eduardo Pazuello em ato pr\u00f3-governo. As informa\u00e7\u00f5es s\u00e3o do\" \/>\n\t<meta name=\"robots\" content=\"max-image-preview:large\" \/>\n\t<meta name=\"author\" content=\"serrafm87\"\/>\n\t<link rel=\"canonical\" href=\"https:\/\/serrafm879.com.br\/serrafm\/2021\/06\/carmen-lucia-da-cinco-dias-para-defesa-se-manifestar-sobre-sigilo-no-caso-pazuello\/\" \/>\n\t<meta name=\"generator\" content=\"All in One SEO (AIOSEO) 4.9.10\" \/>\n\t\t<meta name=\"twitter:card\" content=\"summary_large_image\" \/>\n\t\t<meta name=\"twitter:title\" content=\"C\u00e1rmen L\u00facia d\u00e1 cinco dias para Defesa se manifestar sobre sigilo no caso Pazuello - Serra FM 87,9\" \/>\n\t\t<meta name=\"twitter:description\" content=\"A ministra C\u00e1rmen L\u00facia, do Supremo Tribunal Federal (STF), determinou que o Minist\u00e9rio da Defesa se manifeste, no prazo de cinco dias, sobre a\u00e7\u00e3o na Corte que questiona a imposi\u00e7\u00e3o, pelo Ex\u00e9rcito, de sigilo de 100 anos no processo disciplinar que apurou a participa\u00e7\u00e3o do general Eduardo Pazuello em ato pr\u00f3-governo. As informa\u00e7\u00f5es s\u00e3o do\" \/>\n\t\t<meta name=\"twitter:image\" content=\"https:\/\/serrafm879.com.br\/serrafm\/wp-content\/uploads\/2021\/05\/pazuelo.jpg\" \/>\n\t\t<script type=\"application\/ld+json\" class=\"aioseo-schema\">\n\t\t\t{\"@context\":\"https:\\\/\\\/schema.org\",\"@graph\":[{\"@type\":\"BlogPosting\",\"@id\":\"https:\\\/\\\/serrafm879.com.br\\\/serrafm\\\/2021\\\/06\\\/carmen-lucia-da-cinco-dias-para-defesa-se-manifestar-sobre-sigilo-no-caso-pazuello\\\/#blogposting\",\"name\":\"C\\u00e1rmen L\\u00facia d\\u00e1 cinco dias para Defesa se manifestar sobre sigilo no caso Pazuello - Serra FM 87,9\",\"headline\":\"C\\u00e1rmen L\\u00facia d\\u00e1 cinco dias para Defesa se manifestar sobre sigilo no caso Pazuello\",\"author\":{\"@id\":\"https:\\\/\\\/serrafm879.com.br\\\/serrafm\\\/author\\\/serrafm87\\\/#author\"},\"publisher\":{\"@id\":\"https:\\\/\\\/serrafm879.com.br\\\/serrafm\\\/#organization\"},\"image\":{\"@type\":\"ImageObject\",\"url\":\"https:\\\/\\\/serrafm879.com.br\\\/serrafm\\\/wp-content\\\/uploads\\\/2021\\\/05\\\/pazuelo.jpg\",\"width\":1200,\"height\":900},\"datePublished\":\"2021-06-21T05:05:52-03:00\",\"dateModified\":\"2021-06-21T05:05:52-03:00\",\"inLanguage\":\"pt-BR\",\"mainEntityOfPage\":{\"@id\":\"https:\\\/\\\/serrafm879.com.br\\\/serrafm\\\/2021\\\/06\\\/carmen-lucia-da-cinco-dias-para-defesa-se-manifestar-sobre-sigilo-no-caso-pazuello\\\/#webpage\"},\"isPartOf\":{\"@id\":\"https:\\\/\\\/serrafm879.com.br\\\/serrafm\\\/2021\\\/06\\\/carmen-lucia-da-cinco-dias-para-defesa-se-manifestar-sobre-sigilo-no-caso-pazuello\\\/#webpage\"},\"articleSection\":\"Not\\u00edcias\"},{\"@type\":\"BreadcrumbList\",\"@id\":\"https:\\\/\\\/serrafm879.com.br\\\/serrafm\\\/2021\\\/06\\\/carmen-lucia-da-cinco-dias-para-defesa-se-manifestar-sobre-sigilo-no-caso-pazuello\\\/#breadcrumblist\",\"itemListElement\":[{\"@type\":\"ListItem\",\"@id\":\"https:\\\/\\\/serrafm879.com.br\\\/serrafm#listItem\",\"position\":1,\"name\":\"Home\",\"item\":\"https:\\\/\\\/serrafm879.com.br\\\/serrafm\",\"nextItem\":{\"@type\":\"ListItem\",\"@id\":\"https:\\\/\\\/serrafm879.com.br\\\/serrafm\\\/categoria\\\/noticias\\\/#listItem\",\"name\":\"Not\\u00edcias\"}},{\"@type\":\"ListItem\",\"@id\":\"https:\\\/\\\/serrafm879.com.br\\\/serrafm\\\/categoria\\\/noticias\\\/#listItem\",\"position\":2,\"name\":\"Not\\u00edcias\",\"item\":\"https:\\\/\\\/serrafm879.com.br\\\/serrafm\\\/categoria\\\/noticias\\\/\",\"nextItem\":{\"@type\":\"ListItem\",\"@id\":\"https:\\\/\\\/serrafm879.com.br\\\/serrafm\\\/2021\\\/06\\\/carmen-lucia-da-cinco-dias-para-defesa-se-manifestar-sobre-sigilo-no-caso-pazuello\\\/#listItem\",\"name\":\"C\\u00e1rmen L\\u00facia d\\u00e1 cinco dias para Defesa se manifestar sobre sigilo no caso Pazuello\"},\"previousItem\":{\"@type\":\"ListItem\",\"@id\":\"https:\\\/\\\/serrafm879.com.br\\\/serrafm#listItem\",\"name\":\"Home\"}},{\"@type\":\"ListItem\",\"@id\":\"https:\\\/\\\/serrafm879.com.br\\\/serrafm\\\/2021\\\/06\\\/carmen-lucia-da-cinco-dias-para-defesa-se-manifestar-sobre-sigilo-no-caso-pazuello\\\/#listItem\",\"position\":3,\"name\":\"C\\u00e1rmen L\\u00facia d\\u00e1 cinco dias para Defesa se manifestar sobre sigilo no caso Pazuello\",\"previousItem\":{\"@type\":\"ListItem\",\"@id\":\"https:\\\/\\\/serrafm879.com.br\\\/serrafm\\\/categoria\\\/noticias\\\/#listItem\",\"name\":\"Not\\u00edcias\"}}]},{\"@type\":\"Organization\",\"@id\":\"https:\\\/\\\/serrafm879.com.br\\\/serrafm\\\/#organization\",\"name\":\"Serra FM 87,9\",\"description\":\"O seu novo amor!\",\"url\":\"https:\\\/\\\/serrafm879.com.br\\\/serrafm\\\/\"},{\"@type\":\"Person\",\"@id\":\"https:\\\/\\\/serrafm879.com.br\\\/serrafm\\\/author\\\/serrafm87\\\/#author\",\"url\":\"https:\\\/\\\/serrafm879.com.br\\\/serrafm\\\/author\\\/serrafm87\\\/\",\"name\":\"serrafm87\",\"image\":{\"@type\":\"ImageObject\",\"@id\":\"https:\\\/\\\/serrafm879.com.br\\\/serrafm\\\/2021\\\/06\\\/carmen-lucia-da-cinco-dias-para-defesa-se-manifestar-sobre-sigilo-no-caso-pazuello\\\/#authorImage\",\"url\":\"https:\\\/\\\/secure.gravatar.com\\\/avatar\\\/a743233f1112d34f48bb3dc9559b76eb930bab8b27175856cba6362608736235?s=96&d=mm&r=g\",\"width\":96,\"height\":96,\"caption\":\"serrafm87\"}},{\"@type\":\"WebPage\",\"@id\":\"https:\\\/\\\/serrafm879.com.br\\\/serrafm\\\/2021\\\/06\\\/carmen-lucia-da-cinco-dias-para-defesa-se-manifestar-sobre-sigilo-no-caso-pazuello\\\/#webpage\",\"url\":\"https:\\\/\\\/serrafm879.com.br\\\/serrafm\\\/2021\\\/06\\\/carmen-lucia-da-cinco-dias-para-defesa-se-manifestar-sobre-sigilo-no-caso-pazuello\\\/\",\"name\":\"C\\u00e1rmen L\\u00facia d\\u00e1 cinco dias para Defesa se manifestar sobre sigilo no caso Pazuello - Serra FM 87,9\",\"description\":\"A ministra C\\u00e1rmen L\\u00facia, do Supremo Tribunal Federal (STF), determinou que o Minist\\u00e9rio da Defesa se manifeste, no prazo de cinco dias, sobre a\\u00e7\\u00e3o na Corte que questiona a imposi\\u00e7\\u00e3o, pelo Ex\\u00e9rcito, de sigilo de 100 anos no processo disciplinar que apurou a participa\\u00e7\\u00e3o do general Eduardo Pazuello em ato pr\\u00f3-governo. As informa\\u00e7\\u00f5es s\\u00e3o do\",\"inLanguage\":\"pt-BR\",\"isPartOf\":{\"@id\":\"https:\\\/\\\/serrafm879.com.br\\\/serrafm\\\/#website\"},\"breadcrumb\":{\"@id\":\"https:\\\/\\\/serrafm879.com.br\\\/serrafm\\\/2021\\\/06\\\/carmen-lucia-da-cinco-dias-para-defesa-se-manifestar-sobre-sigilo-no-caso-pazuello\\\/#breadcrumblist\"},\"author\":{\"@id\":\"https:\\\/\\\/serrafm879.com.br\\\/serrafm\\\/author\\\/serrafm87\\\/#author\"},\"creator\":{\"@id\":\"https:\\\/\\\/serrafm879.com.br\\\/serrafm\\\/author\\\/serrafm87\\\/#author\"},\"image\":{\"@type\":\"ImageObject\",\"url\":\"https:\\\/\\\/serrafm879.com.br\\\/serrafm\\\/wp-content\\\/uploads\\\/2021\\\/05\\\/pazuelo.jpg\",\"@id\":\"https:\\\/\\\/serrafm879.com.br\\\/serrafm\\\/2021\\\/06\\\/carmen-lucia-da-cinco-dias-para-defesa-se-manifestar-sobre-sigilo-no-caso-pazuello\\\/#mainImage\",\"width\":1200,\"height\":900},\"primaryImageOfPage\":{\"@id\":\"https:\\\/\\\/serrafm879.com.br\\\/serrafm\\\/2021\\\/06\\\/carmen-lucia-da-cinco-dias-para-defesa-se-manifestar-sobre-sigilo-no-caso-pazuello\\\/#mainImage\"},\"datePublished\":\"2021-06-21T05:05:52-03:00\",\"dateModified\":\"2021-06-21T05:05:52-03:00\"},{\"@type\":\"WebSite\",\"@id\":\"https:\\\/\\\/serrafm879.com.br\\\/serrafm\\\/#website\",\"url\":\"https:\\\/\\\/serrafm879.com.br\\\/serrafm\\\/\",\"name\":\"Serra FM 87,9\",\"description\":\"O seu novo amor!\",\"inLanguage\":\"pt-BR\",\"publisher\":{\"@id\":\"https:\\\/\\\/serrafm879.com.br\\\/serrafm\\\/#organization\"}}]}\n\t\t<\/script>\n\t\t<!-- All in One SEO -->\n\n","aioseo_head_json":{"title":"C\u00e1rmen L\u00facia d\u00e1 cinco dias para Defesa se manifestar sobre sigilo no caso Pazuello - Serra FM 87,9","description":"A ministra C\u00e1rmen L\u00facia, do Supremo Tribunal Federal (STF), determinou que o Minist\u00e9rio da Defesa se manifeste, no prazo de cinco dias, sobre a\u00e7\u00e3o na Corte que questiona a imposi\u00e7\u00e3o, pelo Ex\u00e9rcito, de sigilo de 100 anos no processo disciplinar que apurou a participa\u00e7\u00e3o do general Eduardo Pazuello em ato pr\u00f3-governo. As informa\u00e7\u00f5es s\u00e3o do","canonical_url":"https:\/\/serrafm879.com.br\/serrafm\/2021\/06\/carmen-lucia-da-cinco-dias-para-defesa-se-manifestar-sobre-sigilo-no-caso-pazuello\/","robots":"max-image-preview:large","keywords":"","webmasterTools":{"miscellaneous":""},"schema":{"@context":"https:\/\/schema.org","@graph":[{"@type":"BlogPosting","@id":"https:\/\/serrafm879.com.br\/serrafm\/2021\/06\/carmen-lucia-da-cinco-dias-para-defesa-se-manifestar-sobre-sigilo-no-caso-pazuello\/#blogposting","name":"C\u00e1rmen L\u00facia d\u00e1 cinco dias para Defesa se manifestar sobre sigilo no caso Pazuello - Serra FM 87,9","headline":"C\u00e1rmen L\u00facia d\u00e1 cinco dias para Defesa se manifestar sobre sigilo no caso Pazuello","author":{"@id":"https:\/\/serrafm879.com.br\/serrafm\/author\/serrafm87\/#author"},"publisher":{"@id":"https:\/\/serrafm879.com.br\/serrafm\/#organization"},"image":{"@type":"ImageObject","url":"https:\/\/serrafm879.com.br\/serrafm\/wp-content\/uploads\/2021\/05\/pazuelo.jpg","width":1200,"height":900},"datePublished":"2021-06-21T05:05:52-03:00","dateModified":"2021-06-21T05:05:52-03:00","inLanguage":"pt-BR","mainEntityOfPage":{"@id":"https:\/\/serrafm879.com.br\/serrafm\/2021\/06\/carmen-lucia-da-cinco-dias-para-defesa-se-manifestar-sobre-sigilo-no-caso-pazuello\/#webpage"},"isPartOf":{"@id":"https:\/\/serrafm879.com.br\/serrafm\/2021\/06\/carmen-lucia-da-cinco-dias-para-defesa-se-manifestar-sobre-sigilo-no-caso-pazuello\/#webpage"},"articleSection":"Not\u00edcias"},{"@type":"BreadcrumbList","@id":"https:\/\/serrafm879.com.br\/serrafm\/2021\/06\/carmen-lucia-da-cinco-dias-para-defesa-se-manifestar-sobre-sigilo-no-caso-pazuello\/#breadcrumblist","itemListElement":[{"@type":"ListItem","@id":"https:\/\/serrafm879.com.br\/serrafm#listItem","position":1,"name":"Home","item":"https:\/\/serrafm879.com.br\/serrafm","nextItem":{"@type":"ListItem","@id":"https:\/\/serrafm879.com.br\/serrafm\/categoria\/noticias\/#listItem","name":"Not\u00edcias"}},{"@type":"ListItem","@id":"https:\/\/serrafm879.com.br\/serrafm\/categoria\/noticias\/#listItem","position":2,"name":"Not\u00edcias","item":"https:\/\/serrafm879.com.br\/serrafm\/categoria\/noticias\/","nextItem":{"@type":"ListItem","@id":"https:\/\/serrafm879.com.br\/serrafm\/2021\/06\/carmen-lucia-da-cinco-dias-para-defesa-se-manifestar-sobre-sigilo-no-caso-pazuello\/#listItem","name":"C\u00e1rmen L\u00facia d\u00e1 cinco dias para Defesa se manifestar sobre sigilo no caso Pazuello"},"previousItem":{"@type":"ListItem","@id":"https:\/\/serrafm879.com.br\/serrafm#listItem","name":"Home"}},{"@type":"ListItem","@id":"https:\/\/serrafm879.com.br\/serrafm\/2021\/06\/carmen-lucia-da-cinco-dias-para-defesa-se-manifestar-sobre-sigilo-no-caso-pazuello\/#listItem","position":3,"name":"C\u00e1rmen L\u00facia d\u00e1 cinco dias para Defesa se manifestar sobre sigilo no caso Pazuello","previousItem":{"@type":"ListItem","@id":"https:\/\/serrafm879.com.br\/serrafm\/categoria\/noticias\/#listItem","name":"Not\u00edcias"}}]},{"@type":"Organization","@id":"https:\/\/serrafm879.com.br\/serrafm\/#organization","name":"Serra FM 87,9","description":"O seu novo amor!","url":"https:\/\/serrafm879.com.br\/serrafm\/"},{"@type":"Person","@id":"https:\/\/serrafm879.com.br\/serrafm\/author\/serrafm87\/#author","url":"https:\/\/serrafm879.com.br\/serrafm\/author\/serrafm87\/","name":"serrafm87","image":{"@type":"ImageObject","@id":"https:\/\/serrafm879.com.br\/serrafm\/2021\/06\/carmen-lucia-da-cinco-dias-para-defesa-se-manifestar-sobre-sigilo-no-caso-pazuello\/#authorImage","url":"https:\/\/secure.gravatar.com\/avatar\/a743233f1112d34f48bb3dc9559b76eb930bab8b27175856cba6362608736235?s=96&d=mm&r=g","width":96,"height":96,"caption":"serrafm87"}},{"@type":"WebPage","@id":"https:\/\/serrafm879.com.br\/serrafm\/2021\/06\/carmen-lucia-da-cinco-dias-para-defesa-se-manifestar-sobre-sigilo-no-caso-pazuello\/#webpage","url":"https:\/\/serrafm879.com.br\/serrafm\/2021\/06\/carmen-lucia-da-cinco-dias-para-defesa-se-manifestar-sobre-sigilo-no-caso-pazuello\/","name":"C\u00e1rmen L\u00facia d\u00e1 cinco dias para Defesa se manifestar sobre sigilo no caso Pazuello - Serra FM 87,9","description":"A ministra C\u00e1rmen L\u00facia, do Supremo Tribunal Federal (STF), determinou que o Minist\u00e9rio da Defesa se manifeste, no prazo de cinco dias, sobre a\u00e7\u00e3o na Corte que questiona a imposi\u00e7\u00e3o, pelo Ex\u00e9rcito, de sigilo de 100 anos no processo disciplinar que apurou a participa\u00e7\u00e3o do general Eduardo Pazuello em ato pr\u00f3-governo. As informa\u00e7\u00f5es s\u00e3o do","inLanguage":"pt-BR","isPartOf":{"@id":"https:\/\/serrafm879.com.br\/serrafm\/#website"},"breadcrumb":{"@id":"https:\/\/serrafm879.com.br\/serrafm\/2021\/06\/carmen-lucia-da-cinco-dias-para-defesa-se-manifestar-sobre-sigilo-no-caso-pazuello\/#breadcrumblist"},"author":{"@id":"https:\/\/serrafm879.com.br\/serrafm\/author\/serrafm87\/#author"},"creator":{"@id":"https:\/\/serrafm879.com.br\/serrafm\/author\/serrafm87\/#author"},"image":{"@type":"ImageObject","url":"https:\/\/serrafm879.com.br\/serrafm\/wp-content\/uploads\/2021\/05\/pazuelo.jpg","@id":"https:\/\/serrafm879.com.br\/serrafm\/2021\/06\/carmen-lucia-da-cinco-dias-para-defesa-se-manifestar-sobre-sigilo-no-caso-pazuello\/#mainImage","width":1200,"height":900},"primaryImageOfPage":{"@id":"https:\/\/serrafm879.com.br\/serrafm\/2021\/06\/carmen-lucia-da-cinco-dias-para-defesa-se-manifestar-sobre-sigilo-no-caso-pazuello\/#mainImage"},"datePublished":"2021-06-21T05:05:52-03:00","dateModified":"2021-06-21T05:05:52-03:00"},{"@type":"WebSite","@id":"https:\/\/serrafm879.com.br\/serrafm\/#website","url":"https:\/\/serrafm879.com.br\/serrafm\/","name":"Serra FM 87,9","description":"O seu novo amor!","inLanguage":"pt-BR","publisher":{"@id":"https:\/\/serrafm879.com.br\/serrafm\/#organization"}}]},"twitter:card":"summary_large_image","twitter:title":"C\u00e1rmen L\u00facia d\u00e1 cinco dias para Defesa se manifestar sobre sigilo no caso Pazuello - Serra FM 87,9","twitter:description":"A ministra C\u00e1rmen L\u00facia, do Supremo Tribunal Federal (STF), determinou que o Minist\u00e9rio da Defesa se manifeste, no prazo de cinco dias, sobre a\u00e7\u00e3o na Corte que questiona a imposi\u00e7\u00e3o, pelo Ex\u00e9rcito, de sigilo de 100 anos no processo disciplinar que apurou a participa\u00e7\u00e3o do general Eduardo Pazuello em ato pr\u00f3-governo. As informa\u00e7\u00f5es s\u00e3o do","twitter:image":"https:\/\/serrafm879.com.br\/serrafm\/wp-content\/uploads\/2021\/05\/pazuelo.jpg"},"aioseo_meta_data":{"post_id":"6497","title":null,"description":null,"keywords":null,"keyphrases":null,"primary_term":null,"canonical_url":null,"og_title":null,"og_description":null,"og_object_type":"default","og_image_type":"default","og_image_custom_url":null,"og_image_custom_fields":null,"og_image_url":null,"og_image_width":null,"og_image_height":null,"og_video":null,"og_custom_url":null,"og_article_section":null,"og_article_tags":null,"twitter_use_og":false,"twitter_card":"default","twitter_image_type":"default","twitter_image_custom_url":null,"twitter_image_custom_fields":null,"twitter_image_url":null,"twitter_title":null,"twitter_description":null,"schema_type":"default","schema_type_options":null,"schema":{"blockGraphs":[],"customGraphs":[],"default":{"data":{"Article":[],"Course":[],"Dataset":[],"FAQPage":[],"Movie":[],"Person":[],"Product":[],"ProductReview":[],"Car":[],"Recipe":[],"Service":[],"SoftwareApplication":[],"WebPage":[]},"graphName":"","isEnabled":true},"graphs":[]},"pillar_content":false,"robots_default":true,"robots_noindex":false,"robots_noarchive":false,"robots_nosnippet":false,"robots_nofollow":false,"robots_noimageindex":false,"robots_noodp":false,"robots_notranslate":false,"robots_max_snippet":null,"robots_max_videopreview":null,"robots_max_imagepreview":"large","priority":null,"frequency":null,"local_seo":null,"limit_modified_date":false,"ai":null,"breadcrumb_settings":null,"seo_analyzer_scan_date":null,"created":"2026-07-21 00:10:42","updated":"2026-07-21 00:10:42"},"aioseo_breadcrumb":"<div class=\"aioseo-breadcrumbs\"><span class=\"aioseo-breadcrumb\">\n\t\t\t<a href=\"https:\/\/serrafm879.com.br\/serrafm\" title=\"Home\">Home<\/a>\n\t\t<\/span><span class=\"aioseo-breadcrumb-separator\">&raquo;<\/span><span class=\"aioseo-breadcrumb\">\n\t\t\t<a href=\"https:\/\/serrafm879.com.br\/serrafm\/categoria\/noticias\/\" title=\"Not\u00edcias\">Not\u00edcias<\/a>\n\t\t<\/span><span class=\"aioseo-breadcrumb-separator\">&raquo;<\/span><span class=\"aioseo-breadcrumb\">\n\t\t\tC\u00e1rmen L\u00facia d\u00e1 cinco dias para Defesa se manifestar sobre sigilo no caso Pazuello\n\t\t<\/span><\/div>","aioseo_breadcrumb_json":[{"label":"Home","link":"https:\/\/serrafm879.com.br\/serrafm"},{"label":"Not\u00edcias","link":"https:\/\/serrafm879.com.br\/serrafm\/categoria\/noticias\/"},{"label":"C\u00e1rmen L\u00facia d\u00e1 cinco dias para Defesa se manifestar sobre sigilo no caso Pazuello","link":"https:\/\/serrafm879.com.br\/serrafm\/2021\/06\/carmen-lucia-da-cinco-dias-para-defesa-se-manifestar-sobre-sigilo-no-caso-pazuello\/"}],"jetpack_publicize_connections":[],"jetpack_featured_media_url":"https:\/\/serrafm879.com.br\/serrafm\/wp-content\/uploads\/2021\/05\/pazuelo.jpg","jetpack_shortlink":"https:\/\/wp.me\/p7HyXg-1GN","jetpack_sharing_enabled":true,"_links":{"self":[{"href":"https:\/\/serrafm879.com.br\/serrafm\/wp-json\/wp\/v2\/posts\/6497","targetHints":{"allow":["GET"]}}],"collection":[{"href":"https:\/\/serrafm879.com.br\/serrafm\/wp-json\/wp\/v2\/posts"}],"about":[{"href":"https:\/\/serrafm879.com.br\/serrafm\/wp-json\/wp\/v2\/types\/post"}],"author":[{"embeddable":true,"href":"https:\/\/serrafm879.com.br\/serrafm\/wp-json\/wp\/v2\/users\/2"}],"replies":[{"embeddable":true,"href":"https:\/\/serrafm879.com.br\/serrafm\/wp-json\/wp\/v2\/comments?post=6497"}],"version-history":[{"count":1,"href":"https:\/\/serrafm879.com.br\/serrafm\/wp-json\/wp\/v2\/posts\/6497\/revisions"}],"predecessor-version":[{"id":6498,"href":"https:\/\/serrafm879.com.br\/serrafm\/wp-json\/wp\/v2\/posts\/6497\/revisions\/6498"}],"wp:featuredmedia":[{"embeddable":true,"href":"https:\/\/serrafm879.com.br\/serrafm\/wp-json\/wp\/v2\/media\/5994"}],"wp:attachment":[{"href":"https:\/\/serrafm879.com.br\/serrafm\/wp-json\/wp\/v2\/media?parent=6497"}],"wp:term":[{"taxonomy":"category","embeddable":true,"href":"https:\/\/serrafm879.com.br\/serrafm\/wp-json\/wp\/v2\/categories?post=6497"},{"taxonomy":"post_tag","embeddable":true,"href":"https:\/\/serrafm879.com.br\/serrafm\/wp-json\/wp\/v2\/tags?post=6497"}],"curies":[{"name":"wp","href":"https:\/\/api.w.org\/{rel}","templated":true}]}}