{"id":8920,"date":"2022-02-02T20:43:24","date_gmt":"2022-02-02T23:43:24","guid":{"rendered":"https:\/?p=8920"},"modified":"2022-02-02T20:43:24","modified_gmt":"2022-02-02T23:43:24","slug":"moradores-da-varzinha-e-membros-do-14-bpm-discutem-melhorias-na-seguranca","status":"publish","type":"post","link":"https:\/\/serrafm879.com.br\/serrafm\/2022\/02\/moradores-da-varzinha-e-membros-do-14-bpm-discutem-melhorias-na-seguranca\/","title":{"rendered":"Moradores da Varzinha e membros do 14\u00b0 BPM discutem melhorias na seguran\u00e7a"},"content":{"rendered":"<p>*REUNI\u00c3O PMPE VARZINHA*<\/p>\n<p>Nesta quarta-feira (02), nas depend\u00eancias da Escola Ant\u00f4nio Firmino de Lima, tivemos reunido com Sargento Alexsandro Santos, comandante da Patrulan Rural,na pauta, a seguran\u00e7a da comunidade de Varzinha, junto com o l\u00edder comunit\u00e1rio Zildo e os demais moradores presentes na reuni\u00e3o, discutimos as a\u00e7\u00f5es necess\u00e1rias para melhorar a seguran\u00e7a do distrito.<\/p>\n<p>O Sagto Alexandro Santos apresentou o n\u00famero do disk den\u00fancia pediu apoio da comunidade com informa\u00e7\u00f5es e falou do plano de pol\u00edcia comunit\u00e1ria que tem o objetivo de aproximar a pol\u00edcia cada vez mais da comunidade.<\/p>\n<ol>\n<li>Durante a reuni\u00e3o outras quest\u00f5es foram levantada pelos os moradores com rela\u00e7\u00e3o ao atendimento m\u00e9dico, o qual j\u00e1 deliberamos \u00e0s a\u00e7\u00f5es a ser tomada. Tivemos uma reuni\u00e3o propositiva, varzinha continua no caminho certo afirmou Oliveira. *Varzinha Cada Vez Melhor *<\/li>\n<\/ol>\n","protected":false},"excerpt":{"rendered":"<p>*REUNI\u00c3O PMPE VARZINHA* Nesta quarta-feira (02), nas depend\u00eancias da Escola Ant\u00f4nio Firmino de Lima, tivemos reunido com Sargento Alexsandro Santos, comandante da Patrulan Rural,na pauta, a seguran\u00e7a da comunidade de Varzinha, junto com o l\u00edder comunit\u00e1rio Zildo e os demais moradores presentes na reuni\u00e3o, discutimos as a\u00e7\u00f5es necess\u00e1rias para melhorar a seguran\u00e7a do distrito. O Sagto Alexandro Santos apresentou o n\u00famero do disk den\u00fancia pediu apoio da comunidade com informa\u00e7\u00f5es e falou do plano de pol\u00edcia comunit\u00e1ria que tem o objetivo de aproximar a pol\u00edcia cada vez mais da comunidade. Durante a reuni\u00e3o outras quest\u00f5es foram levantada pelos os moradores [&hellip;]<\/p>\n","protected":false},"author":2,"featured_media":8921,"comment_status":"open","ping_status":"open","sticky":false,"template":"","format":"standard","meta":{"_jetpack_newsletter_access":"","_jetpack_dont_email_post_to_subs":false,"_jetpack_newsletter_tier_id":0,"_jetpack_memberships_contains_paywalled_content":false,"_jetpack_feature_clip_id":0,"_jetpack_memberships_contains_paid_content":false,"footnotes":"","jetpack_publicize_message":"","jetpack_publicize_feature_enabled":true,"jetpack_social_post_already_shared":true,"jetpack_social_options":{"image_generator_settings":{"template":"highway","default_image_id":0,"font":"","enabled":false},"version":2},"jetpack_post_was_ever_published":false},"categories":[1],"tags":[],"class_list":["post-8920","post","type-post","status-publish","format-standard","has-post-thumbnail","hentry","category-uncategorized"],"aioseo_notices":[],"aioseo_head":"\n\t\t<!-- All in One SEO 4.9.10 - aioseo.com -->\n\t<meta name=\"description\" content=\"*REUNI\u00c3O PMPE VARZINHA* Nesta quarta-feira (02), nas depend\u00eancias da Escola Ant\u00f4nio Firmino de Lima, tivemos reunido com Sargento Alexsandro Santos, comandante da Patrulan Rural,na pauta, a seguran\u00e7a da comunidade de Varzinha, junto com o l\u00edder comunit\u00e1rio Zildo e os demais moradores presentes na reuni\u00e3o, discutimos as a\u00e7\u00f5es necess\u00e1rias para melhorar a seguran\u00e7a do distrito. O\" \/>\n\t<meta name=\"robots\" content=\"max-image-preview:large\" \/>\n\t<meta name=\"author\" content=\"serrafm87\"\/>\n\t<link rel=\"canonical\" href=\"https:\/\/serrafm879.com.br\/serrafm\/2022\/02\/moradores-da-varzinha-e-membros-do-14-bpm-discutem-melhorias-na-seguranca\/\" \/>\n\t<meta name=\"generator\" content=\"All in One SEO (AIOSEO) 4.9.10\" \/>\n\t\t<meta name=\"twitter:card\" content=\"summary_large_image\" \/>\n\t\t<meta name=\"twitter:title\" content=\"Moradores da Varzinha e membros do 14\u00b0 BPM discutem melhorias na seguran\u00e7a - Serra FM 87,9\" \/>\n\t\t<meta name=\"twitter:description\" content=\"*REUNI\u00c3O PMPE VARZINHA* Nesta quarta-feira (02), nas depend\u00eancias da Escola Ant\u00f4nio Firmino de Lima, tivemos reunido com Sargento Alexsandro Santos, comandante da Patrulan Rural,na pauta, a seguran\u00e7a da comunidade de Varzinha, junto com o l\u00edder comunit\u00e1rio Zildo e os demais moradores presentes na reuni\u00e3o, discutimos as a\u00e7\u00f5es necess\u00e1rias para melhorar a seguran\u00e7a do distrito. O\" \/>\n\t\t<meta name=\"twitter:image\" content=\"https:\/\/serrafm879.com.br\/serrafm\/wp-content\/uploads\/2022\/02\/IMG-20220202-WA0086.jpg\" \/>\n\t\t<script type=\"application\/ld+json\" class=\"aioseo-schema\">\n\t\t\t{\"@context\":\"https:\\\/\\\/schema.org\",\"@graph\":[{\"@type\":\"BlogPosting\",\"@id\":\"https:\\\/\\\/serrafm879.com.br\\\/serrafm\\\/2022\\\/02\\\/moradores-da-varzinha-e-membros-do-14-bpm-discutem-melhorias-na-seguranca\\\/#blogposting\",\"name\":\"Moradores da Varzinha e membros do 14\\u00b0 BPM discutem melhorias na seguran\\u00e7a - Serra FM 87,9\",\"headline\":\"Moradores da Varzinha e membros do 14\\u00b0 BPM discutem melhorias na seguran\\u00e7a\",\"author\":{\"@id\":\"https:\\\/\\\/serrafm879.com.br\\\/serrafm\\\/author\\\/serrafm87\\\/#author\"},\"publisher\":{\"@id\":\"https:\\\/\\\/serrafm879.com.br\\\/serrafm\\\/#organization\"},\"image\":{\"@type\":\"ImageObject\",\"url\":\"https:\\\/\\\/serrafm879.com.br\\\/serrafm\\\/wp-content\\\/uploads\\\/2022\\\/02\\\/IMG-20220202-WA0086.jpg\",\"width\":1024,\"height\":768},\"datePublished\":\"2022-02-02T20:43:24-03:00\",\"dateModified\":\"2022-02-02T20:43:24-03:00\",\"inLanguage\":\"pt-BR\",\"mainEntityOfPage\":{\"@id\":\"https:\\\/\\\/serrafm879.com.br\\\/serrafm\\\/2022\\\/02\\\/moradores-da-varzinha-e-membros-do-14-bpm-discutem-melhorias-na-seguranca\\\/#webpage\"},\"isPartOf\":{\"@id\":\"https:\\\/\\\/serrafm879.com.br\\\/serrafm\\\/2022\\\/02\\\/moradores-da-varzinha-e-membros-do-14-bpm-discutem-melhorias-na-seguranca\\\/#webpage\"},\"articleSection\":\"Uncategorized\"},{\"@type\":\"BreadcrumbList\",\"@id\":\"https:\\\/\\\/serrafm879.com.br\\\/serrafm\\\/2022\\\/02\\\/moradores-da-varzinha-e-membros-do-14-bpm-discutem-melhorias-na-seguranca\\\/#breadcrumblist\",\"itemListElement\":[{\"@type\":\"ListItem\",\"@id\":\"https:\\\/\\\/serrafm879.com.br\\\/serrafm#listItem\",\"position\":1,\"name\":\"Home\",\"item\":\"https:\\\/\\\/serrafm879.com.br\\\/serrafm\",\"nextItem\":{\"@type\":\"ListItem\",\"@id\":\"https:\\\/\\\/serrafm879.com.br\\\/serrafm\\\/categoria\\\/uncategorized\\\/#listItem\",\"name\":\"Uncategorized\"}},{\"@type\":\"ListItem\",\"@id\":\"https:\\\/\\\/serrafm879.com.br\\\/serrafm\\\/categoria\\\/uncategorized\\\/#listItem\",\"position\":2,\"name\":\"Uncategorized\",\"item\":\"https:\\\/\\\/serrafm879.com.br\\\/serrafm\\\/categoria\\\/uncategorized\\\/\",\"nextItem\":{\"@type\":\"ListItem\",\"@id\":\"https:\\\/\\\/serrafm879.com.br\\\/serrafm\\\/2022\\\/02\\\/moradores-da-varzinha-e-membros-do-14-bpm-discutem-melhorias-na-seguranca\\\/#listItem\",\"name\":\"Moradores da Varzinha e membros do 14\\u00b0 BPM discutem melhorias na seguran\\u00e7a\"},\"previousItem\":{\"@type\":\"ListItem\",\"@id\":\"https:\\\/\\\/serrafm879.com.br\\\/serrafm#listItem\",\"name\":\"Home\"}},{\"@type\":\"ListItem\",\"@id\":\"https:\\\/\\\/serrafm879.com.br\\\/serrafm\\\/2022\\\/02\\\/moradores-da-varzinha-e-membros-do-14-bpm-discutem-melhorias-na-seguranca\\\/#listItem\",\"position\":3,\"name\":\"Moradores da Varzinha e membros do 14\\u00b0 BPM discutem melhorias na seguran\\u00e7a\",\"previousItem\":{\"@type\":\"ListItem\",\"@id\":\"https:\\\/\\\/serrafm879.com.br\\\/serrafm\\\/categoria\\\/uncategorized\\\/#listItem\",\"name\":\"Uncategorized\"}}]},{\"@type\":\"Organization\",\"@id\":\"https:\\\/\\\/serrafm879.com.br\\\/serrafm\\\/#organization\",\"name\":\"Serra FM 87,9\",\"description\":\"O seu novo amor!\",\"url\":\"https:\\\/\\\/serrafm879.com.br\\\/serrafm\\\/\"},{\"@type\":\"Person\",\"@id\":\"https:\\\/\\\/serrafm879.com.br\\\/serrafm\\\/author\\\/serrafm87\\\/#author\",\"url\":\"https:\\\/\\\/serrafm879.com.br\\\/serrafm\\\/author\\\/serrafm87\\\/\",\"name\":\"serrafm87\",\"image\":{\"@type\":\"ImageObject\",\"@id\":\"https:\\\/\\\/serrafm879.com.br\\\/serrafm\\\/2022\\\/02\\\/moradores-da-varzinha-e-membros-do-14-bpm-discutem-melhorias-na-seguranca\\\/#authorImage\",\"url\":\"https:\\\/\\\/secure.gravatar.com\\\/avatar\\\/a743233f1112d34f48bb3dc9559b76eb930bab8b27175856cba6362608736235?s=96&d=mm&r=g\",\"width\":96,\"height\":96,\"caption\":\"serrafm87\"}},{\"@type\":\"WebPage\",\"@id\":\"https:\\\/\\\/serrafm879.com.br\\\/serrafm\\\/2022\\\/02\\\/moradores-da-varzinha-e-membros-do-14-bpm-discutem-melhorias-na-seguranca\\\/#webpage\",\"url\":\"https:\\\/\\\/serrafm879.com.br\\\/serrafm\\\/2022\\\/02\\\/moradores-da-varzinha-e-membros-do-14-bpm-discutem-melhorias-na-seguranca\\\/\",\"name\":\"Moradores da Varzinha e membros do 14\\u00b0 BPM discutem melhorias na seguran\\u00e7a - Serra FM 87,9\",\"description\":\"*REUNI\\u00c3O PMPE VARZINHA* Nesta quarta-feira (02), nas depend\\u00eancias da Escola Ant\\u00f4nio Firmino de Lima, tivemos reunido com Sargento Alexsandro Santos, comandante da Patrulan Rural,na pauta, a seguran\\u00e7a da comunidade de Varzinha, junto com o l\\u00edder comunit\\u00e1rio Zildo e os demais moradores presentes na reuni\\u00e3o, discutimos as a\\u00e7\\u00f5es necess\\u00e1rias para melhorar a seguran\\u00e7a do distrito. O\",\"inLanguage\":\"pt-BR\",\"isPartOf\":{\"@id\":\"https:\\\/\\\/serrafm879.com.br\\\/serrafm\\\/#website\"},\"breadcrumb\":{\"@id\":\"https:\\\/\\\/serrafm879.com.br\\\/serrafm\\\/2022\\\/02\\\/moradores-da-varzinha-e-membros-do-14-bpm-discutem-melhorias-na-seguranca\\\/#breadcrumblist\"},\"author\":{\"@id\":\"https:\\\/\\\/serrafm879.com.br\\\/serrafm\\\/author\\\/serrafm87\\\/#author\"},\"creator\":{\"@id\":\"https:\\\/\\\/serrafm879.com.br\\\/serrafm\\\/author\\\/serrafm87\\\/#author\"},\"image\":{\"@type\":\"ImageObject\",\"url\":\"https:\\\/\\\/serrafm879.com.br\\\/serrafm\\\/wp-content\\\/uploads\\\/2022\\\/02\\\/IMG-20220202-WA0086.jpg\",\"@id\":\"https:\\\/\\\/serrafm879.com.br\\\/serrafm\\\/2022\\\/02\\\/moradores-da-varzinha-e-membros-do-14-bpm-discutem-melhorias-na-seguranca\\\/#mainImage\",\"width\":1024,\"height\":768},\"primaryImageOfPage\":{\"@id\":\"https:\\\/\\\/serrafm879.com.br\\\/serrafm\\\/2022\\\/02\\\/moradores-da-varzinha-e-membros-do-14-bpm-discutem-melhorias-na-seguranca\\\/#mainImage\"},\"datePublished\":\"2022-02-02T20:43:24-03:00\",\"dateModified\":\"2022-02-02T20:43:24-03:00\"},{\"@type\":\"WebSite\",\"@id\":\"https:\\\/\\\/serrafm879.com.br\\\/serrafm\\\/#website\",\"url\":\"https:\\\/\\\/serrafm879.com.br\\\/serrafm\\\/\",\"name\":\"Serra FM 87,9\",\"description\":\"O seu novo amor!\",\"inLanguage\":\"pt-BR\",\"publisher\":{\"@id\":\"https:\\\/\\\/serrafm879.com.br\\\/serrafm\\\/#organization\"}}]}\n\t\t<\/script>\n\t\t<!-- All in One SEO -->\n\n","aioseo_head_json":{"title":"Moradores da Varzinha e membros do 14\u00b0 BPM discutem melhorias na seguran\u00e7a - Serra FM 87,9","description":"*REUNI\u00c3O PMPE VARZINHA* Nesta quarta-feira (02), nas depend\u00eancias da Escola Ant\u00f4nio Firmino de Lima, tivemos reunido com Sargento Alexsandro Santos, comandante da Patrulan Rural,na pauta, a seguran\u00e7a da comunidade de Varzinha, junto com o l\u00edder comunit\u00e1rio Zildo e os demais moradores presentes na reuni\u00e3o, discutimos as a\u00e7\u00f5es necess\u00e1rias para melhorar a seguran\u00e7a do distrito. O","canonical_url":"https:\/\/serrafm879.com.br\/serrafm\/2022\/02\/moradores-da-varzinha-e-membros-do-14-bpm-discutem-melhorias-na-seguranca\/","robots":"max-image-preview:large","keywords":"","webmasterTools":{"miscellaneous":""},"schema":{"@context":"https:\/\/schema.org","@graph":[{"@type":"BlogPosting","@id":"https:\/\/serrafm879.com.br\/serrafm\/2022\/02\/moradores-da-varzinha-e-membros-do-14-bpm-discutem-melhorias-na-seguranca\/#blogposting","name":"Moradores da Varzinha e membros do 14\u00b0 BPM discutem melhorias na seguran\u00e7a - Serra FM 87,9","headline":"Moradores da Varzinha e membros do 14\u00b0 BPM discutem melhorias na seguran\u00e7a","author":{"@id":"https:\/\/serrafm879.com.br\/serrafm\/author\/serrafm87\/#author"},"publisher":{"@id":"https:\/\/serrafm879.com.br\/serrafm\/#organization"},"image":{"@type":"ImageObject","url":"https:\/\/serrafm879.com.br\/serrafm\/wp-content\/uploads\/2022\/02\/IMG-20220202-WA0086.jpg","width":1024,"height":768},"datePublished":"2022-02-02T20:43:24-03:00","dateModified":"2022-02-02T20:43:24-03:00","inLanguage":"pt-BR","mainEntityOfPage":{"@id":"https:\/\/serrafm879.com.br\/serrafm\/2022\/02\/moradores-da-varzinha-e-membros-do-14-bpm-discutem-melhorias-na-seguranca\/#webpage"},"isPartOf":{"@id":"https:\/\/serrafm879.com.br\/serrafm\/2022\/02\/moradores-da-varzinha-e-membros-do-14-bpm-discutem-melhorias-na-seguranca\/#webpage"},"articleSection":"Uncategorized"},{"@type":"BreadcrumbList","@id":"https:\/\/serrafm879.com.br\/serrafm\/2022\/02\/moradores-da-varzinha-e-membros-do-14-bpm-discutem-melhorias-na-seguranca\/#breadcrumblist","itemListElement":[{"@type":"ListItem","@id":"https:\/\/serrafm879.com.br\/serrafm#listItem","position":1,"name":"Home","item":"https:\/\/serrafm879.com.br\/serrafm","nextItem":{"@type":"ListItem","@id":"https:\/\/serrafm879.com.br\/serrafm\/categoria\/uncategorized\/#listItem","name":"Uncategorized"}},{"@type":"ListItem","@id":"https:\/\/serrafm879.com.br\/serrafm\/categoria\/uncategorized\/#listItem","position":2,"name":"Uncategorized","item":"https:\/\/serrafm879.com.br\/serrafm\/categoria\/uncategorized\/","nextItem":{"@type":"ListItem","@id":"https:\/\/serrafm879.com.br\/serrafm\/2022\/02\/moradores-da-varzinha-e-membros-do-14-bpm-discutem-melhorias-na-seguranca\/#listItem","name":"Moradores da Varzinha e membros do 14\u00b0 BPM discutem melhorias na seguran\u00e7a"},"previousItem":{"@type":"ListItem","@id":"https:\/\/serrafm879.com.br\/serrafm#listItem","name":"Home"}},{"@type":"ListItem","@id":"https:\/\/serrafm879.com.br\/serrafm\/2022\/02\/moradores-da-varzinha-e-membros-do-14-bpm-discutem-melhorias-na-seguranca\/#listItem","position":3,"name":"Moradores da Varzinha e membros do 14\u00b0 BPM discutem melhorias na seguran\u00e7a","previousItem":{"@type":"ListItem","@id":"https:\/\/serrafm879.com.br\/serrafm\/categoria\/uncategorized\/#listItem","name":"Uncategorized"}}]},{"@type":"Organization","@id":"https:\/\/serrafm879.com.br\/serrafm\/#organization","name":"Serra FM 87,9","description":"O seu novo amor!","url":"https:\/\/serrafm879.com.br\/serrafm\/"},{"@type":"Person","@id":"https:\/\/serrafm879.com.br\/serrafm\/author\/serrafm87\/#author","url":"https:\/\/serrafm879.com.br\/serrafm\/author\/serrafm87\/","name":"serrafm87","image":{"@type":"ImageObject","@id":"https:\/\/serrafm879.com.br\/serrafm\/2022\/02\/moradores-da-varzinha-e-membros-do-14-bpm-discutem-melhorias-na-seguranca\/#authorImage","url":"https:\/\/secure.gravatar.com\/avatar\/a743233f1112d34f48bb3dc9559b76eb930bab8b27175856cba6362608736235?s=96&d=mm&r=g","width":96,"height":96,"caption":"serrafm87"}},{"@type":"WebPage","@id":"https:\/\/serrafm879.com.br\/serrafm\/2022\/02\/moradores-da-varzinha-e-membros-do-14-bpm-discutem-melhorias-na-seguranca\/#webpage","url":"https:\/\/serrafm879.com.br\/serrafm\/2022\/02\/moradores-da-varzinha-e-membros-do-14-bpm-discutem-melhorias-na-seguranca\/","name":"Moradores da Varzinha e membros do 14\u00b0 BPM discutem melhorias na seguran\u00e7a - Serra FM 87,9","description":"*REUNI\u00c3O PMPE VARZINHA* Nesta quarta-feira (02), nas depend\u00eancias da Escola Ant\u00f4nio Firmino de Lima, tivemos reunido com Sargento Alexsandro Santos, comandante da Patrulan Rural,na pauta, a seguran\u00e7a da comunidade de Varzinha, junto com o l\u00edder comunit\u00e1rio Zildo e os demais moradores presentes na reuni\u00e3o, discutimos as a\u00e7\u00f5es necess\u00e1rias para melhorar a seguran\u00e7a do distrito. O","inLanguage":"pt-BR","isPartOf":{"@id":"https:\/\/serrafm879.com.br\/serrafm\/#website"},"breadcrumb":{"@id":"https:\/\/serrafm879.com.br\/serrafm\/2022\/02\/moradores-da-varzinha-e-membros-do-14-bpm-discutem-melhorias-na-seguranca\/#breadcrumblist"},"author":{"@id":"https:\/\/serrafm879.com.br\/serrafm\/author\/serrafm87\/#author"},"creator":{"@id":"https:\/\/serrafm879.com.br\/serrafm\/author\/serrafm87\/#author"},"image":{"@type":"ImageObject","url":"https:\/\/serrafm879.com.br\/serrafm\/wp-content\/uploads\/2022\/02\/IMG-20220202-WA0086.jpg","@id":"https:\/\/serrafm879.com.br\/serrafm\/2022\/02\/moradores-da-varzinha-e-membros-do-14-bpm-discutem-melhorias-na-seguranca\/#mainImage","width":1024,"height":768},"primaryImageOfPage":{"@id":"https:\/\/serrafm879.com.br\/serrafm\/2022\/02\/moradores-da-varzinha-e-membros-do-14-bpm-discutem-melhorias-na-seguranca\/#mainImage"},"datePublished":"2022-02-02T20:43:24-03:00","dateModified":"2022-02-02T20:43:24-03:00"},{"@type":"WebSite","@id":"https:\/\/serrafm879.com.br\/serrafm\/#website","url":"https:\/\/serrafm879.com.br\/serrafm\/","name":"Serra FM 87,9","description":"O seu novo amor!","inLanguage":"pt-BR","publisher":{"@id":"https:\/\/serrafm879.com.br\/serrafm\/#organization"}}]},"twitter:card":"summary_large_image","twitter:title":"Moradores da Varzinha e membros do 14\u00b0 BPM discutem melhorias na seguran\u00e7a - Serra FM 87,9","twitter:description":"*REUNI\u00c3O PMPE VARZINHA* Nesta quarta-feira (02), nas depend\u00eancias da Escola Ant\u00f4nio Firmino de Lima, tivemos reunido com Sargento Alexsandro Santos, comandante da Patrulan Rural,na pauta, a seguran\u00e7a da comunidade de Varzinha, junto com o l\u00edder comunit\u00e1rio Zildo e os demais moradores presentes na reuni\u00e3o, discutimos as a\u00e7\u00f5es necess\u00e1rias para melhorar a seguran\u00e7a do distrito. O","twitter:image":"https:\/\/serrafm879.com.br\/serrafm\/wp-content\/uploads\/2022\/02\/IMG-20220202-WA0086.jpg"},"aioseo_meta_data":{"post_id":"8920","title":null,"description":null,"keywords":null,"keyphrases":null,"primary_term":null,"canonical_url":null,"og_title":null,"og_description":null,"og_object_type":"default","og_image_type":"default","og_image_custom_url":null,"og_image_custom_fields":null,"og_image_url":null,"og_image_width":null,"og_image_height":null,"og_video":null,"og_custom_url":null,"og_article_section":null,"og_article_tags":null,"twitter_use_og":false,"twitter_card":"default","twitter_image_type":"default","twitter_image_custom_url":null,"twitter_image_custom_fields":null,"twitter_image_url":null,"twitter_title":null,"twitter_description":null,"schema_type":"default","schema_type_options":null,"schema":{"blockGraphs":[],"customGraphs":[],"default":{"data":{"Article":[],"Course":[],"Dataset":[],"FAQPage":[],"Movie":[],"Person":[],"Product":[],"ProductReview":[],"Car":[],"Recipe":[],"Service":[],"SoftwareApplication":[],"WebPage":[]},"graphName":"","isEnabled":true},"graphs":[]},"pillar_content":false,"robots_default":true,"robots_noindex":false,"robots_noarchive":false,"robots_nosnippet":false,"robots_nofollow":false,"robots_noimageindex":false,"robots_noodp":false,"robots_notranslate":false,"robots_max_snippet":null,"robots_max_videopreview":null,"robots_max_imagepreview":"large","priority":null,"frequency":null,"local_seo":null,"limit_modified_date":false,"ai":null,"breadcrumb_settings":null,"seo_analyzer_scan_date":null,"created":"2026-07-21 02:30:41","updated":"2026-07-21 02:30:41"},"aioseo_breadcrumb":"<div class=\"aioseo-breadcrumbs\"><span class=\"aioseo-breadcrumb\">\n\t\t\t<a href=\"https:\/\/serrafm879.com.br\/serrafm\" title=\"Home\">Home<\/a>\n\t\t<\/span><span class=\"aioseo-breadcrumb-separator\">&raquo;<\/span><span class=\"aioseo-breadcrumb\">\n\t\t\t<a href=\"https:\/\/serrafm879.com.br\/serrafm\/categoria\/uncategorized\/\" title=\"Uncategorized\">Uncategorized<\/a>\n\t\t<\/span><span class=\"aioseo-breadcrumb-separator\">&raquo;<\/span><span class=\"aioseo-breadcrumb\">\n\t\t\tMoradores da Varzinha e membros do 14\u00b0 BPM discutem melhorias na seguran\u00e7a\n\t\t<\/span><\/div>","aioseo_breadcrumb_json":[{"label":"Home","link":"https:\/\/serrafm879.com.br\/serrafm"},{"label":"Uncategorized","link":"https:\/\/serrafm879.com.br\/serrafm\/categoria\/uncategorized\/"},{"label":"Moradores da Varzinha e membros do 14\u00b0 BPM discutem melhorias na seguran\u00e7a","link":"https:\/\/serrafm879.com.br\/serrafm\/2022\/02\/moradores-da-varzinha-e-membros-do-14-bpm-discutem-melhorias-na-seguranca\/"}],"jetpack_publicize_connections":[],"jetpack_featured_media_url":"https:\/\/serrafm879.com.br\/serrafm\/wp-content\/uploads\/2022\/02\/IMG-20220202-WA0086.jpg","jetpack_shortlink":"https:\/\/wp.me\/p7HyXg-2jS","jetpack_sharing_enabled":true,"_links":{"self":[{"href":"https:\/\/serrafm879.com.br\/serrafm\/wp-json\/wp\/v2\/posts\/8920","targetHints":{"allow":["GET"]}}],"collection":[{"href":"https:\/\/serrafm879.com.br\/serrafm\/wp-json\/wp\/v2\/posts"}],"about":[{"href":"https:\/\/serrafm879.com.br\/serrafm\/wp-json\/wp\/v2\/types\/post"}],"author":[{"embeddable":true,"href":"https:\/\/serrafm879.com.br\/serrafm\/wp-json\/wp\/v2\/users\/2"}],"replies":[{"embeddable":true,"href":"https:\/\/serrafm879.com.br\/serrafm\/wp-json\/wp\/v2\/comments?post=8920"}],"version-history":[{"count":1,"href":"https:\/\/serrafm879.com.br\/serrafm\/wp-json\/wp\/v2\/posts\/8920\/revisions"}],"predecessor-version":[{"id":8922,"href":"https:\/\/serrafm879.com.br\/serrafm\/wp-json\/wp\/v2\/posts\/8920\/revisions\/8922"}],"wp:featuredmedia":[{"embeddable":true,"href":"https:\/\/serrafm879.com.br\/serrafm\/wp-json\/wp\/v2\/media\/8921"}],"wp:attachment":[{"href":"https:\/\/serrafm879.com.br\/serrafm\/wp-json\/wp\/v2\/media?parent=8920"}],"wp:term":[{"taxonomy":"category","embeddable":true,"href":"https:\/\/serrafm879.com.br\/serrafm\/wp-json\/wp\/v2\/categories?post=8920"},{"taxonomy":"post_tag","embeddable":true,"href":"https:\/\/serrafm879.com.br\/serrafm\/wp-json\/wp\/v2\/tags?post=8920"}],"curies":[{"name":"wp","href":"https:\/\/api.w.org\/{rel}","templated":true}]}}