{"id":8946,"date":"2022-02-07T08:34:05","date_gmt":"2022-02-07T11:34:05","guid":{"rendered":"https:\/?p=8946"},"modified":"2022-02-07T08:34:05","modified_gmt":"2022-02-07T11:34:05","slug":"lula-e-bolsonaro-estarao-no-2o-turno-em-disputa-por-menor-rejeicao-diz-ciro-nogueira","status":"publish","type":"post","link":"https:\/\/serrafm879.com.br\/serrafm\/2022\/02\/lula-e-bolsonaro-estarao-no-2o-turno-em-disputa-por-menor-rejeicao-diz-ciro-nogueira\/","title":{"rendered":"Lula e Bolsonaro estar\u00e3o no 2\u00ba turno em disputa por menor rejei\u00e7\u00e3o, diz Ciro Nogueira"},"content":{"rendered":"<p><strong>Folha de S.Paulo<\/strong><\/p>\n<p>O ministro da Casa Civil, Ciro Nogueira, afirmou em entrevista exibida neste domingo (06) que o ex-presidente Luiz In\u00e1cio Lula da Silva (PT) e o atual presidente Jair Bolsonaro (PL) estar\u00e3o no segundo turno das elei\u00e7\u00f5es e que a disputa representar\u00e1 um duelo pela menor rejei\u00e7\u00e3o.<\/p>\n<p>\u201cAcho imposs\u00edvel Lula e Bolsonaro n\u00e3o estarem no segundo turno\u201d, afirmou em entrevista exibida pela BandNews TV e pela Band, descartando a chance de sucesso de uma terceira via na corrida presidencial.<\/p>\n<p>\u201cVai ser uma disputa de rejei\u00e7\u00e3o\u201d, disse. \u201cAcho que quem tiver maior capacidade de trazer esperan\u00e7a para as pessoas e de mostrar o que aconteceu, o que foi feito e o que pode ser feito \u00e9 quem vai ganhar essa elei\u00e7\u00e3o. E por isso acredito na reelei\u00e7\u00e3o do presidente\u201d, complementou.<\/p>\n<p>A rejei\u00e7\u00e3o a Bolsonaro \u00e9 um dos maiores entraves para sua campanha. Segundo a \u00faltima pesquisa Datafolha, feita em dezembro, 60% dos eleitores afirmaram n\u00e3o votar nele de jeito nenhum. No caso de Lula, o percentual \u00e9 de 34%.<\/p>\n<p>O ministro afirma que o rep\u00fadio a Bolsonaro hoje \u00e9 fruto de uma \u201cpolariza\u00e7\u00e3o jamais vista na hist\u00f3ria\u201d. Para ele, o presidente tem se dedicado ao que importa em vez de alimentar um clima de instabilidade por quest\u00f5es que n\u00e3o melhoram a vida da popula\u00e7\u00e3o.<\/p>\n<p>\u201cO pa\u00eds n\u00e3o vai voltar a ter instabilidade como t\u00ednhamos naquela \u00e9poca que voc\u00ea citou [em setembro, cinco meses atr\u00e1s, quando o presidente amea\u00e7ou o Supremo Tribunal Federal]. N\u00e3o temos condi\u00e7\u00e3o, n\u00f3s n\u00e3o temos o direito\u201d, afirmou.<\/p>\n<p>Questionado sobre por que mudou de opini\u00e3o sobre Bolsonaro, j\u00e1 que antes do governo chegou a cham\u00e1-lo de fascista, o ministro respondeu que n\u00e3o concordava muito com o deputado Bolsonaro. \u201cAgora, o presidente Bolsonaro que eu conheci n\u00e3o d\u00e1 para comparar\u201d, disse.<\/p>\n<p>\u201cN\u00e3o tenho d\u00favida que ali foi um erro, e hoje eu tenho uma avalia\u00e7\u00e3o completamente diferente e uma admira\u00e7\u00e3o e um orgulho de estar ao lado do presidente nesse momento\u201d, afirmou.<\/p>\n<p>Sobre o discurso antivacina de Bolsonaro, o ministro respondeu que o importante s\u00e3o \u201cas a\u00e7\u00f5es\u201d e que n\u00e3o h\u00e1 imunizante aplicado no Brasil que n\u00e3o tenha sido comprado pelo governo federal.<span id=\"more-99344\"><\/span><\/p>\n<p>O ministro, tamb\u00e9m presidente do PP \u2014uma das principais siglas do centr\u00e3o\u2014, disse que o partido n\u00e3o vai autorizar seus candidatos a apoiarem Lula, mas que estar\u00e1 liberada a parceria com aliados do petista.<\/p>\n<p>Ele criticou a era petista em diferentes trechos da entrevista e chegou a atacar indica\u00e7\u00f5es pol\u00edticas em estatais, apesar de seu partido ter sido aliado na \u00e9poca e de ter apadrinhado dirigentes na pr\u00f3pria Petrobras que viraram alvo da Opera\u00e7\u00e3o Lava Jato \u2013como Paulo Roberto Costa.<\/p>\n<p>Ciro disse que na \u00e9poca das elei\u00e7\u00f5es a rejei\u00e7\u00e3o ao PT vai ser maior. \u201cDeixa o Lula aparecer com quem vai governar\u201d, disse.<\/p>\n<p>A infla\u00e7\u00e3o \u00e9 vista por ele como um desafio para o governo. Sua pasta concluiu nos \u00faltimos dias uma PEC que libera corte de tributos sobre combust\u00edveis sem necessidade de compensa\u00e7\u00e3o, algo temido pela equipe econ\u00f4mica.<\/p>\n<p>Para ele, os governadores tamb\u00e9m precisar\u00e3o reduzir impostos. \u201cO governo federal vai fazer a sua parte. Eu espero que os estados fa\u00e7am tamb\u00e9m\u201d, disse.<\/p>\n<p>Ciro diz que \u00e9 imposs\u00edvel interferir na pol\u00edtica de pre\u00e7os da Petrobras e aproveitou para atacar novamente o presidente Lula, que afirmou que n\u00e3o manter\u00e1 o pre\u00e7o dos combust\u00edveis vinculado ao d\u00f3lar como ocorre atualmente.<\/p>\n<p>\u201cEu vi outro dia o [ex] presidente Lula dizer que vai interferir na pol\u00edtica de pre\u00e7o da Petrobras. Meu Deus, isso \u00e9 uma mentira, gente. \u00c9 imposs\u00edvel. A Petrobras n\u00e3o \u00e9 do governo federal, n\u00e3o. N\u00e3o tem como\u201d, afirmou.<\/p>\n<p>O ministro disse que seu relacionamento com o ministro Paulo Guedes (Economia) \u00e9 perfeito. \u201cO problema \u00e9 que qualquer ministro da Economia diz \u2018n\u00e3o\u2019 o tempo inteiro\u201d, afirmou. Por isso, disse, Casa Civil e Economia dividir\u00e3o as decis\u00f5es sobre a execu\u00e7\u00e3o or\u00e7ament\u00e1ria em comum acordo.<\/p>\n<p>Ele aproveitou para elogiar o colega de Esplanada. \u201cGra\u00e7as a Deus n\u00f3s tivemos um ministro como o Paulo Guedes. Seria muito pior se n\u00f3s n\u00e3o tiv\u00e9ssemos a responsabilidade econ\u00f4mica [dele] e eu tenho muita confian\u00e7a no ministro\u201d, afirmou.<\/p>\n","protected":false},"excerpt":{"rendered":"<p>Folha de S.Paulo O ministro da Casa Civil, Ciro Nogueira, afirmou em entrevista exibida neste domingo (06) que o ex-presidente Luiz In\u00e1cio Lula da Silva (PT) e o atual presidente Jair Bolsonaro (PL) estar\u00e3o no segundo turno das elei\u00e7\u00f5es e que a disputa representar\u00e1 um duelo pela menor rejei\u00e7\u00e3o. \u201cAcho imposs\u00edvel Lula e Bolsonaro n\u00e3o estarem no segundo turno\u201d, afirmou em entrevista exibida pela BandNews TV e pela Band, descartando a chance de sucesso de uma terceira via na corrida presidencial. \u201cVai ser uma disputa de rejei\u00e7\u00e3o\u201d, disse. \u201cAcho que quem tiver maior capacidade de trazer esperan\u00e7a para as pessoas [&hellip;]<\/p>\n","protected":false},"author":2,"featured_media":4798,"comment_status":"open","ping_status":"open","sticky":false,"template":"","format":"standard","meta":{"_jetpack_newsletter_access":"","_jetpack_dont_email_post_to_subs":false,"_jetpack_newsletter_tier_id":0,"_jetpack_memberships_contains_paywalled_content":false,"_jetpack_feature_clip_id":0,"_jetpack_memberships_contains_paid_content":false,"footnotes":"","jetpack_publicize_message":"","jetpack_publicize_feature_enabled":true,"jetpack_social_post_already_shared":true,"jetpack_social_options":{"image_generator_settings":{"template":"highway","default_image_id":0,"font":"","enabled":false},"version":2},"jetpack_post_was_ever_published":false},"categories":[144],"tags":[],"class_list":["post-8946","post","type-post","status-publish","format-standard","has-post-thumbnail","hentry","category-politica"],"aioseo_notices":[],"aioseo_head":"\n\t\t<!-- All in One SEO 4.9.10 - aioseo.com -->\n\t<meta name=\"description\" content=\"Folha de S.Paulo O ministro da Casa Civil, Ciro Nogueira, afirmou em entrevista exibida neste domingo (06) que o ex-presidente Luiz In\u00e1cio Lula da Silva (PT) e o atual presidente Jair Bolsonaro (PL) estar\u00e3o no segundo turno das elei\u00e7\u00f5es e que a disputa representar\u00e1 um duelo pela menor rejei\u00e7\u00e3o. \u201cAcho imposs\u00edvel Lula e Bolsonaro n\u00e3o\" \/>\n\t<meta name=\"robots\" content=\"max-image-preview:large\" \/>\n\t<meta name=\"author\" content=\"serrafm87\"\/>\n\t<link rel=\"canonical\" href=\"https:\/\/serrafm879.com.br\/serrafm\/2022\/02\/lula-e-bolsonaro-estarao-no-2o-turno-em-disputa-por-menor-rejeicao-diz-ciro-nogueira\/\" \/>\n\t<meta name=\"generator\" content=\"All in One SEO (AIOSEO) 4.9.10\" \/>\n\t\t<meta name=\"twitter:card\" content=\"summary_large_image\" \/>\n\t\t<meta name=\"twitter:title\" content=\"Lula e Bolsonaro estar\u00e3o no 2\u00ba turno em disputa por menor rejei\u00e7\u00e3o, diz Ciro Nogueira - Serra FM 87,9\" \/>\n\t\t<meta name=\"twitter:description\" content=\"Folha de S.Paulo O ministro da Casa Civil, Ciro Nogueira, afirmou em entrevista exibida neste domingo (06) que o ex-presidente Luiz In\u00e1cio Lula da Silva (PT) e o atual presidente Jair Bolsonaro (PL) estar\u00e3o no segundo turno das elei\u00e7\u00f5es e que a disputa representar\u00e1 um duelo pela menor rejei\u00e7\u00e3o. \u201cAcho imposs\u00edvel Lula e Bolsonaro n\u00e3o\" \/>\n\t\t<meta name=\"twitter:image\" content=\"https:\/\/serrafm879.com.br\/serrafm\/wp-content\/uploads\/2021\/03\/lula-bolsonaro-1.jpg\" \/>\n\t\t<script type=\"application\/ld+json\" class=\"aioseo-schema\">\n\t\t\t{\"@context\":\"https:\\\/\\\/schema.org\",\"@graph\":[{\"@type\":\"BlogPosting\",\"@id\":\"https:\\\/\\\/serrafm879.com.br\\\/serrafm\\\/2022\\\/02\\\/lula-e-bolsonaro-estarao-no-2o-turno-em-disputa-por-menor-rejeicao-diz-ciro-nogueira\\\/#blogposting\",\"name\":\"Lula e Bolsonaro estar\\u00e3o no 2\\u00ba turno em disputa por menor rejei\\u00e7\\u00e3o, diz Ciro Nogueira - Serra FM 87,9\",\"headline\":\"Lula e Bolsonaro estar\\u00e3o no 2\\u00ba turno em disputa por menor rejei\\u00e7\\u00e3o, diz Ciro Nogueira\",\"author\":{\"@id\":\"https:\\\/\\\/serrafm879.com.br\\\/serrafm\\\/author\\\/serrafm87\\\/#author\"},\"publisher\":{\"@id\":\"https:\\\/\\\/serrafm879.com.br\\\/serrafm\\\/#organization\"},\"image\":{\"@type\":\"ImageObject\",\"url\":\"https:\\\/\\\/serrafm879.com.br\\\/serrafm\\\/wp-content\\\/uploads\\\/2021\\\/03\\\/lula-bolsonaro-1.jpg\",\"width\":648,\"height\":323},\"datePublished\":\"2022-02-07T08:34:05-03:00\",\"dateModified\":\"2022-02-07T08:34:05-03:00\",\"inLanguage\":\"pt-BR\",\"mainEntityOfPage\":{\"@id\":\"https:\\\/\\\/serrafm879.com.br\\\/serrafm\\\/2022\\\/02\\\/lula-e-bolsonaro-estarao-no-2o-turno-em-disputa-por-menor-rejeicao-diz-ciro-nogueira\\\/#webpage\"},\"isPartOf\":{\"@id\":\"https:\\\/\\\/serrafm879.com.br\\\/serrafm\\\/2022\\\/02\\\/lula-e-bolsonaro-estarao-no-2o-turno-em-disputa-por-menor-rejeicao-diz-ciro-nogueira\\\/#webpage\"},\"articleSection\":\"Pol\\u00edtica\"},{\"@type\":\"BreadcrumbList\",\"@id\":\"https:\\\/\\\/serrafm879.com.br\\\/serrafm\\\/2022\\\/02\\\/lula-e-bolsonaro-estarao-no-2o-turno-em-disputa-por-menor-rejeicao-diz-ciro-nogueira\\\/#breadcrumblist\",\"itemListElement\":[{\"@type\":\"ListItem\",\"@id\":\"https:\\\/\\\/serrafm879.com.br\\\/serrafm#listItem\",\"position\":1,\"name\":\"Home\",\"item\":\"https:\\\/\\\/serrafm879.com.br\\\/serrafm\",\"nextItem\":{\"@type\":\"ListItem\",\"@id\":\"https:\\\/\\\/serrafm879.com.br\\\/serrafm\\\/categoria\\\/politica\\\/#listItem\",\"name\":\"Pol\\u00edtica\"}},{\"@type\":\"ListItem\",\"@id\":\"https:\\\/\\\/serrafm879.com.br\\\/serrafm\\\/categoria\\\/politica\\\/#listItem\",\"position\":2,\"name\":\"Pol\\u00edtica\",\"item\":\"https:\\\/\\\/serrafm879.com.br\\\/serrafm\\\/categoria\\\/politica\\\/\",\"nextItem\":{\"@type\":\"ListItem\",\"@id\":\"https:\\\/\\\/serrafm879.com.br\\\/serrafm\\\/2022\\\/02\\\/lula-e-bolsonaro-estarao-no-2o-turno-em-disputa-por-menor-rejeicao-diz-ciro-nogueira\\\/#listItem\",\"name\":\"Lula e Bolsonaro estar\\u00e3o no 2\\u00ba turno em disputa por menor rejei\\u00e7\\u00e3o, diz Ciro Nogueira\"},\"previousItem\":{\"@type\":\"ListItem\",\"@id\":\"https:\\\/\\\/serrafm879.com.br\\\/serrafm#listItem\",\"name\":\"Home\"}},{\"@type\":\"ListItem\",\"@id\":\"https:\\\/\\\/serrafm879.com.br\\\/serrafm\\\/2022\\\/02\\\/lula-e-bolsonaro-estarao-no-2o-turno-em-disputa-por-menor-rejeicao-diz-ciro-nogueira\\\/#listItem\",\"position\":3,\"name\":\"Lula e Bolsonaro estar\\u00e3o no 2\\u00ba turno em disputa por menor rejei\\u00e7\\u00e3o, diz Ciro Nogueira\",\"previousItem\":{\"@type\":\"ListItem\",\"@id\":\"https:\\\/\\\/serrafm879.com.br\\\/serrafm\\\/categoria\\\/politica\\\/#listItem\",\"name\":\"Pol\\u00edtica\"}}]},{\"@type\":\"Organization\",\"@id\":\"https:\\\/\\\/serrafm879.com.br\\\/serrafm\\\/#organization\",\"name\":\"Serra FM 87,9\",\"description\":\"O seu novo amor!\",\"url\":\"https:\\\/\\\/serrafm879.com.br\\\/serrafm\\\/\"},{\"@type\":\"Person\",\"@id\":\"https:\\\/\\\/serrafm879.com.br\\\/serrafm\\\/author\\\/serrafm87\\\/#author\",\"url\":\"https:\\\/\\\/serrafm879.com.br\\\/serrafm\\\/author\\\/serrafm87\\\/\",\"name\":\"serrafm87\",\"image\":{\"@type\":\"ImageObject\",\"@id\":\"https:\\\/\\\/serrafm879.com.br\\\/serrafm\\\/2022\\\/02\\\/lula-e-bolsonaro-estarao-no-2o-turno-em-disputa-por-menor-rejeicao-diz-ciro-nogueira\\\/#authorImage\",\"url\":\"https:\\\/\\\/secure.gravatar.com\\\/avatar\\\/a743233f1112d34f48bb3dc9559b76eb930bab8b27175856cba6362608736235?s=96&d=mm&r=g\",\"width\":96,\"height\":96,\"caption\":\"serrafm87\"}},{\"@type\":\"WebPage\",\"@id\":\"https:\\\/\\\/serrafm879.com.br\\\/serrafm\\\/2022\\\/02\\\/lula-e-bolsonaro-estarao-no-2o-turno-em-disputa-por-menor-rejeicao-diz-ciro-nogueira\\\/#webpage\",\"url\":\"https:\\\/\\\/serrafm879.com.br\\\/serrafm\\\/2022\\\/02\\\/lula-e-bolsonaro-estarao-no-2o-turno-em-disputa-por-menor-rejeicao-diz-ciro-nogueira\\\/\",\"name\":\"Lula e Bolsonaro estar\\u00e3o no 2\\u00ba turno em disputa por menor rejei\\u00e7\\u00e3o, diz Ciro Nogueira - Serra FM 87,9\",\"description\":\"Folha de S.Paulo O ministro da Casa Civil, Ciro Nogueira, afirmou em entrevista exibida neste domingo (06) que o ex-presidente Luiz In\\u00e1cio Lula da Silva (PT) e o atual presidente Jair Bolsonaro (PL) estar\\u00e3o no segundo turno das elei\\u00e7\\u00f5es e que a disputa representar\\u00e1 um duelo pela menor rejei\\u00e7\\u00e3o. \\u201cAcho imposs\\u00edvel Lula e Bolsonaro n\\u00e3o\",\"inLanguage\":\"pt-BR\",\"isPartOf\":{\"@id\":\"https:\\\/\\\/serrafm879.com.br\\\/serrafm\\\/#website\"},\"breadcrumb\":{\"@id\":\"https:\\\/\\\/serrafm879.com.br\\\/serrafm\\\/2022\\\/02\\\/lula-e-bolsonaro-estarao-no-2o-turno-em-disputa-por-menor-rejeicao-diz-ciro-nogueira\\\/#breadcrumblist\"},\"author\":{\"@id\":\"https:\\\/\\\/serrafm879.com.br\\\/serrafm\\\/author\\\/serrafm87\\\/#author\"},\"creator\":{\"@id\":\"https:\\\/\\\/serrafm879.com.br\\\/serrafm\\\/author\\\/serrafm87\\\/#author\"},\"image\":{\"@type\":\"ImageObject\",\"url\":\"https:\\\/\\\/serrafm879.com.br\\\/serrafm\\\/wp-content\\\/uploads\\\/2021\\\/03\\\/lula-bolsonaro-1.jpg\",\"@id\":\"https:\\\/\\\/serrafm879.com.br\\\/serrafm\\\/2022\\\/02\\\/lula-e-bolsonaro-estarao-no-2o-turno-em-disputa-por-menor-rejeicao-diz-ciro-nogueira\\\/#mainImage\",\"width\":648,\"height\":323},\"primaryImageOfPage\":{\"@id\":\"https:\\\/\\\/serrafm879.com.br\\\/serrafm\\\/2022\\\/02\\\/lula-e-bolsonaro-estarao-no-2o-turno-em-disputa-por-menor-rejeicao-diz-ciro-nogueira\\\/#mainImage\"},\"datePublished\":\"2022-02-07T08:34:05-03:00\",\"dateModified\":\"2022-02-07T08:34:05-03:00\"},{\"@type\":\"WebSite\",\"@id\":\"https:\\\/\\\/serrafm879.com.br\\\/serrafm\\\/#website\",\"url\":\"https:\\\/\\\/serrafm879.com.br\\\/serrafm\\\/\",\"name\":\"Serra FM 87,9\",\"description\":\"O seu novo amor!\",\"inLanguage\":\"pt-BR\",\"publisher\":{\"@id\":\"https:\\\/\\\/serrafm879.com.br\\\/serrafm\\\/#organization\"}}]}\n\t\t<\/script>\n\t\t<!-- All in One SEO -->\n\n","aioseo_head_json":{"title":"Lula e Bolsonaro estar\u00e3o no 2\u00ba turno em disputa por menor rejei\u00e7\u00e3o, diz Ciro Nogueira - Serra FM 87,9","description":"Folha de S.Paulo O ministro da Casa Civil, Ciro Nogueira, afirmou em entrevista exibida neste domingo (06) que o ex-presidente Luiz In\u00e1cio Lula da Silva (PT) e o atual presidente Jair Bolsonaro (PL) estar\u00e3o no segundo turno das elei\u00e7\u00f5es e que a disputa representar\u00e1 um duelo pela menor rejei\u00e7\u00e3o. \u201cAcho imposs\u00edvel Lula e Bolsonaro n\u00e3o","canonical_url":"https:\/\/serrafm879.com.br\/serrafm\/2022\/02\/lula-e-bolsonaro-estarao-no-2o-turno-em-disputa-por-menor-rejeicao-diz-ciro-nogueira\/","robots":"max-image-preview:large","keywords":"","webmasterTools":{"miscellaneous":""},"schema":{"@context":"https:\/\/schema.org","@graph":[{"@type":"BlogPosting","@id":"https:\/\/serrafm879.com.br\/serrafm\/2022\/02\/lula-e-bolsonaro-estarao-no-2o-turno-em-disputa-por-menor-rejeicao-diz-ciro-nogueira\/#blogposting","name":"Lula e Bolsonaro estar\u00e3o no 2\u00ba turno em disputa por menor rejei\u00e7\u00e3o, diz Ciro Nogueira - Serra FM 87,9","headline":"Lula e Bolsonaro estar\u00e3o no 2\u00ba turno em disputa por menor rejei\u00e7\u00e3o, diz Ciro Nogueira","author":{"@id":"https:\/\/serrafm879.com.br\/serrafm\/author\/serrafm87\/#author"},"publisher":{"@id":"https:\/\/serrafm879.com.br\/serrafm\/#organization"},"image":{"@type":"ImageObject","url":"https:\/\/serrafm879.com.br\/serrafm\/wp-content\/uploads\/2021\/03\/lula-bolsonaro-1.jpg","width":648,"height":323},"datePublished":"2022-02-07T08:34:05-03:00","dateModified":"2022-02-07T08:34:05-03:00","inLanguage":"pt-BR","mainEntityOfPage":{"@id":"https:\/\/serrafm879.com.br\/serrafm\/2022\/02\/lula-e-bolsonaro-estarao-no-2o-turno-em-disputa-por-menor-rejeicao-diz-ciro-nogueira\/#webpage"},"isPartOf":{"@id":"https:\/\/serrafm879.com.br\/serrafm\/2022\/02\/lula-e-bolsonaro-estarao-no-2o-turno-em-disputa-por-menor-rejeicao-diz-ciro-nogueira\/#webpage"},"articleSection":"Pol\u00edtica"},{"@type":"BreadcrumbList","@id":"https:\/\/serrafm879.com.br\/serrafm\/2022\/02\/lula-e-bolsonaro-estarao-no-2o-turno-em-disputa-por-menor-rejeicao-diz-ciro-nogueira\/#breadcrumblist","itemListElement":[{"@type":"ListItem","@id":"https:\/\/serrafm879.com.br\/serrafm#listItem","position":1,"name":"Home","item":"https:\/\/serrafm879.com.br\/serrafm","nextItem":{"@type":"ListItem","@id":"https:\/\/serrafm879.com.br\/serrafm\/categoria\/politica\/#listItem","name":"Pol\u00edtica"}},{"@type":"ListItem","@id":"https:\/\/serrafm879.com.br\/serrafm\/categoria\/politica\/#listItem","position":2,"name":"Pol\u00edtica","item":"https:\/\/serrafm879.com.br\/serrafm\/categoria\/politica\/","nextItem":{"@type":"ListItem","@id":"https:\/\/serrafm879.com.br\/serrafm\/2022\/02\/lula-e-bolsonaro-estarao-no-2o-turno-em-disputa-por-menor-rejeicao-diz-ciro-nogueira\/#listItem","name":"Lula e Bolsonaro estar\u00e3o no 2\u00ba turno em disputa por menor rejei\u00e7\u00e3o, diz Ciro Nogueira"},"previousItem":{"@type":"ListItem","@id":"https:\/\/serrafm879.com.br\/serrafm#listItem","name":"Home"}},{"@type":"ListItem","@id":"https:\/\/serrafm879.com.br\/serrafm\/2022\/02\/lula-e-bolsonaro-estarao-no-2o-turno-em-disputa-por-menor-rejeicao-diz-ciro-nogueira\/#listItem","position":3,"name":"Lula e Bolsonaro estar\u00e3o no 2\u00ba turno em disputa por menor rejei\u00e7\u00e3o, diz Ciro Nogueira","previousItem":{"@type":"ListItem","@id":"https:\/\/serrafm879.com.br\/serrafm\/categoria\/politica\/#listItem","name":"Pol\u00edtica"}}]},{"@type":"Organization","@id":"https:\/\/serrafm879.com.br\/serrafm\/#organization","name":"Serra FM 87,9","description":"O seu novo amor!","url":"https:\/\/serrafm879.com.br\/serrafm\/"},{"@type":"Person","@id":"https:\/\/serrafm879.com.br\/serrafm\/author\/serrafm87\/#author","url":"https:\/\/serrafm879.com.br\/serrafm\/author\/serrafm87\/","name":"serrafm87","image":{"@type":"ImageObject","@id":"https:\/\/serrafm879.com.br\/serrafm\/2022\/02\/lula-e-bolsonaro-estarao-no-2o-turno-em-disputa-por-menor-rejeicao-diz-ciro-nogueira\/#authorImage","url":"https:\/\/secure.gravatar.com\/avatar\/a743233f1112d34f48bb3dc9559b76eb930bab8b27175856cba6362608736235?s=96&d=mm&r=g","width":96,"height":96,"caption":"serrafm87"}},{"@type":"WebPage","@id":"https:\/\/serrafm879.com.br\/serrafm\/2022\/02\/lula-e-bolsonaro-estarao-no-2o-turno-em-disputa-por-menor-rejeicao-diz-ciro-nogueira\/#webpage","url":"https:\/\/serrafm879.com.br\/serrafm\/2022\/02\/lula-e-bolsonaro-estarao-no-2o-turno-em-disputa-por-menor-rejeicao-diz-ciro-nogueira\/","name":"Lula e Bolsonaro estar\u00e3o no 2\u00ba turno em disputa por menor rejei\u00e7\u00e3o, diz Ciro Nogueira - Serra FM 87,9","description":"Folha de S.Paulo O ministro da Casa Civil, Ciro Nogueira, afirmou em entrevista exibida neste domingo (06) que o ex-presidente Luiz In\u00e1cio Lula da Silva (PT) e o atual presidente Jair Bolsonaro (PL) estar\u00e3o no segundo turno das elei\u00e7\u00f5es e que a disputa representar\u00e1 um duelo pela menor rejei\u00e7\u00e3o. \u201cAcho imposs\u00edvel Lula e Bolsonaro n\u00e3o","inLanguage":"pt-BR","isPartOf":{"@id":"https:\/\/serrafm879.com.br\/serrafm\/#website"},"breadcrumb":{"@id":"https:\/\/serrafm879.com.br\/serrafm\/2022\/02\/lula-e-bolsonaro-estarao-no-2o-turno-em-disputa-por-menor-rejeicao-diz-ciro-nogueira\/#breadcrumblist"},"author":{"@id":"https:\/\/serrafm879.com.br\/serrafm\/author\/serrafm87\/#author"},"creator":{"@id":"https:\/\/serrafm879.com.br\/serrafm\/author\/serrafm87\/#author"},"image":{"@type":"ImageObject","url":"https:\/\/serrafm879.com.br\/serrafm\/wp-content\/uploads\/2021\/03\/lula-bolsonaro-1.jpg","@id":"https:\/\/serrafm879.com.br\/serrafm\/2022\/02\/lula-e-bolsonaro-estarao-no-2o-turno-em-disputa-por-menor-rejeicao-diz-ciro-nogueira\/#mainImage","width":648,"height":323},"primaryImageOfPage":{"@id":"https:\/\/serrafm879.com.br\/serrafm\/2022\/02\/lula-e-bolsonaro-estarao-no-2o-turno-em-disputa-por-menor-rejeicao-diz-ciro-nogueira\/#mainImage"},"datePublished":"2022-02-07T08:34:05-03:00","dateModified":"2022-02-07T08:34:05-03:00"},{"@type":"WebSite","@id":"https:\/\/serrafm879.com.br\/serrafm\/#website","url":"https:\/\/serrafm879.com.br\/serrafm\/","name":"Serra FM 87,9","description":"O seu novo amor!","inLanguage":"pt-BR","publisher":{"@id":"https:\/\/serrafm879.com.br\/serrafm\/#organization"}}]},"twitter:card":"summary_large_image","twitter:title":"Lula e Bolsonaro estar\u00e3o no 2\u00ba turno em disputa por menor rejei\u00e7\u00e3o, diz Ciro Nogueira - Serra FM 87,9","twitter:description":"Folha de S.Paulo O ministro da Casa Civil, Ciro Nogueira, afirmou em entrevista exibida neste domingo (06) que o ex-presidente Luiz In\u00e1cio Lula da Silva (PT) e o atual presidente Jair Bolsonaro (PL) estar\u00e3o no segundo turno das elei\u00e7\u00f5es e que a disputa representar\u00e1 um duelo pela menor rejei\u00e7\u00e3o. \u201cAcho imposs\u00edvel Lula e Bolsonaro n\u00e3o","twitter:image":"https:\/\/serrafm879.com.br\/serrafm\/wp-content\/uploads\/2021\/03\/lula-bolsonaro-1.jpg"},"aioseo_meta_data":{"post_id":"8946","title":null,"description":null,"keywords":null,"keyphrases":null,"primary_term":null,"canonical_url":null,"og_title":null,"og_description":null,"og_object_type":"default","og_image_type":"default","og_image_custom_url":null,"og_image_custom_fields":null,"og_image_url":null,"og_image_width":null,"og_image_height":null,"og_video":null,"og_custom_url":null,"og_article_section":null,"og_article_tags":null,"twitter_use_og":false,"twitter_card":"default","twitter_image_type":"default","twitter_image_custom_url":null,"twitter_image_custom_fields":null,"twitter_image_url":null,"twitter_title":null,"twitter_description":null,"schema_type":"default","schema_type_options":null,"schema":{"blockGraphs":[],"customGraphs":[],"default":{"data":{"Article":[],"Course":[],"Dataset":[],"FAQPage":[],"Movie":[],"Person":[],"Product":[],"ProductReview":[],"Car":[],"Recipe":[],"Service":[],"SoftwareApplication":[],"WebPage":[]},"graphName":"","isEnabled":true},"graphs":[]},"pillar_content":false,"robots_default":true,"robots_noindex":false,"robots_noarchive":false,"robots_nosnippet":false,"robots_nofollow":false,"robots_noimageindex":false,"robots_noodp":false,"robots_notranslate":false,"robots_max_snippet":null,"robots_max_videopreview":null,"robots_max_imagepreview":"large","priority":null,"frequency":null,"local_seo":null,"limit_modified_date":false,"ai":null,"breadcrumb_settings":null,"seo_analyzer_scan_date":null,"created":"2026-07-21 02:33:29","updated":"2026-07-21 02:33:29"},"aioseo_breadcrumb":"<div class=\"aioseo-breadcrumbs\"><span class=\"aioseo-breadcrumb\">\n\t\t\t<a href=\"https:\/\/serrafm879.com.br\/serrafm\" title=\"Home\">Home<\/a>\n\t\t<\/span><span class=\"aioseo-breadcrumb-separator\">&raquo;<\/span><span class=\"aioseo-breadcrumb\">\n\t\t\t<a href=\"https:\/\/serrafm879.com.br\/serrafm\/categoria\/politica\/\" title=\"Pol\u00edtica\">Pol\u00edtica<\/a>\n\t\t<\/span><span class=\"aioseo-breadcrumb-separator\">&raquo;<\/span><span class=\"aioseo-breadcrumb\">\n\t\t\tLula e Bolsonaro estar\u00e3o no 2\u00ba turno em disputa por menor rejei\u00e7\u00e3o, diz Ciro Nogueira\n\t\t<\/span><\/div>","aioseo_breadcrumb_json":[{"label":"Home","link":"https:\/\/serrafm879.com.br\/serrafm"},{"label":"Pol\u00edtica","link":"https:\/\/serrafm879.com.br\/serrafm\/categoria\/politica\/"},{"label":"Lula e Bolsonaro estar\u00e3o no 2\u00ba turno em disputa por menor rejei\u00e7\u00e3o, diz Ciro Nogueira","link":"https:\/\/serrafm879.com.br\/serrafm\/2022\/02\/lula-e-bolsonaro-estarao-no-2o-turno-em-disputa-por-menor-rejeicao-diz-ciro-nogueira\/"}],"jetpack_publicize_connections":[],"jetpack_featured_media_url":"https:\/\/serrafm879.com.br\/serrafm\/wp-content\/uploads\/2021\/03\/lula-bolsonaro-1.jpg","jetpack_shortlink":"https:\/\/wp.me\/p7HyXg-2ki","jetpack_sharing_enabled":true,"_links":{"self":[{"href":"https:\/\/serrafm879.com.br\/serrafm\/wp-json\/wp\/v2\/posts\/8946","targetHints":{"allow":["GET"]}}],"collection":[{"href":"https:\/\/serrafm879.com.br\/serrafm\/wp-json\/wp\/v2\/posts"}],"about":[{"href":"https:\/\/serrafm879.com.br\/serrafm\/wp-json\/wp\/v2\/types\/post"}],"author":[{"embeddable":true,"href":"https:\/\/serrafm879.com.br\/serrafm\/wp-json\/wp\/v2\/users\/2"}],"replies":[{"embeddable":true,"href":"https:\/\/serrafm879.com.br\/serrafm\/wp-json\/wp\/v2\/comments?post=8946"}],"version-history":[{"count":1,"href":"https:\/\/serrafm879.com.br\/serrafm\/wp-json\/wp\/v2\/posts\/8946\/revisions"}],"predecessor-version":[{"id":8947,"href":"https:\/\/serrafm879.com.br\/serrafm\/wp-json\/wp\/v2\/posts\/8946\/revisions\/8947"}],"wp:featuredmedia":[{"embeddable":true,"href":"https:\/\/serrafm879.com.br\/serrafm\/wp-json\/wp\/v2\/media\/4798"}],"wp:attachment":[{"href":"https:\/\/serrafm879.com.br\/serrafm\/wp-json\/wp\/v2\/media?parent=8946"}],"wp:term":[{"taxonomy":"category","embeddable":true,"href":"https:\/\/serrafm879.com.br\/serrafm\/wp-json\/wp\/v2\/categories?post=8946"},{"taxonomy":"post_tag","embeddable":true,"href":"https:\/\/serrafm879.com.br\/serrafm\/wp-json\/wp\/v2\/tags?post=8946"}],"curies":[{"name":"wp","href":"https:\/\/api.w.org\/{rel}","templated":true}]}}